{"id":866,"date":"2026-08-25T21:54:30","date_gmt":"2026-08-25T21:54:30","guid":{"rendered":"https:\/\/aciiec.org\/?p=866"},"modified":"2026-08-25T22:00:37","modified_gmt":"2026-08-25T22:00:37","slug":"%e8%a5%bf%e7%8f%ad%e7%89%99%ef%bc%9a%e6%9c%aa%e6%9d%a5%e5%87%a0%e5%b9%b4%e6%ac%a7%e6%b4%b2%e4%b8%8e%e4%b8%ad%e5%9b%bd%e6%b1%bd%e8%bd%a6%e4%b8%9a%e7%9a%84%e8%b6%85%e7%ba%a7%e5%b1%95%e5%8f%b0","status":"publish","type":"post","link":"https:\/\/aciiec.org\/zh\/2026\/08\/25\/espana-el-gran-escaparate-para-la-automocion-europea-y-china-en-los-proximos-anos\/","title":{"rendered":"\u897f\u73ed\u7259\uff1a\u672a\u6765\u51e0\u5e74\u6b27\u6d32\u4e0e\u4e2d\u56fd\u6c7d\u8f66\u5de5\u4e1a\u7684\u8d85\u7ea7\u5c55\u5385"},"content":{"rendered":"<p class=\"wp-block-paragraph\">\u897f\u73ed\u7259\u5df2\u6210\u4e3a\u4e2d\u56fd\u5728\u6b27\u6d32\u6c7d\u8f66\u9886\u57df\u7684\u4e3b\u8981\u6295\u8d44\u76ee\u7684\u5730\u4e4b\u4e00\uff0c\u9884\u8ba1\u672a\u6765\u51e0\u5e74\u5c06\u4ea7\u751f\u6570\u5341\u4ebf\u7f8e\u5143\u7684\u65b0\u6536\u5165\u6765\u6e90\uff0c\u4ece\u800c\u523a\u6fc0\u2018\u897f\u73ed\u7259\u5236\u9020\u2019\u7684\u751f\u4ea7\uff0c\u4f7f\u8be5\u56fd\u6210\u4e3a\u6b27\u6d32\u5e02\u573a\u7684\u4e3b\u8981\u5de5\u4e1a\u4e2d\u5fc3\u4e4b\u4e00\u3002.<\/p>\n\n\n\n<p class=\"wp-block-paragraph\">\u6700\u65b0\u4e00\u9879\u5370\u8bc1\u8fd9\u4e00\u8d8b\u52bf\u7684\u4e3e\u63aa\u662f\u798f\u7279\u4e0e\u5409\u5229\u5c31\u74e6\u4f26\u897f\u4e9a\u963f\u5c14\u7a46\u8428\u8d39\u65af\u5de5\u5382\u8fbe\u6210\u7684\u534f\u8bae\u3002\u4e24\u5bb6\u516c\u53f8\u5c06\u6210\u7acb\u4e00\u5bb6\u5408\u8d44\u4f01\u4e1a\uff0c\u8be5\u4f01\u4e1a\u5c06\u4e8e2027\u5e74\u5f00\u59cb\u8fd0\u8425\uff0c \u5c4a\u65f6\uff0c\u8fd9\u5bb6\u4e9a\u6d32\u5236\u9020\u5546\u5728\u5b8c\u62102.21\u4ebf\u6b27\u5143\u7684\u6295\u8d44\u540e\uff0c\u5c06\u6301\u6709\u8be5\u5408\u8d44\u4f01\u4e1a34%\u7684\u80a1\u4efd\uff0c\u65e8\u5728\u4ece2028\u5e74\u8d77\u751f\u4ea7\u4e94\u6b3e\u9762\u5411\u6b27\u6d32\u5e02\u573a\u7684\u8f66\u578b\uff0c\u5176\u4e2d\u4e24\u6b3e\u5c06\u662f\u7531\u8be5\u4e9a\u6d32\u4f01\u4e1a\u63a8\u51fa\u7684\u7eaf\u7535\u52a8\u8f66\u578b\u3002.<\/p>\n\n\n\n<p class=\"wp-block-paragraph\">\u968f\u7740\u5409\u5229\u7684\u5230\u6765\uff0c\u74e6\u4f26\u897f\u4e9a\u5de5\u5382\u4e0d\u4ec5\u786e\u4fdd\u4e86\u5176\u5de5\u4e1a\u8fde\u7eed\u6027\uff0c\u8fd8\u6e34\u671b\u6062\u590d\u8fd1\u5e74\u6765\u5931\u53bb\u7684\u4ea7\u80fd\uff08\u8be5\u5382\u57282016\u5e74\u66fe\u751f\u4ea7\u8d85\u8fc742\u4e07\u8f86\u6c7d\u8f66\uff09\uff0c\u540c\u65f6\u4fdd\u7559\u5c31\u4e1a\u5c97\u4f4d\u5e76\u5de9\u56fa\u74e6\u4f26\u897f\u4e9a\u5927\u533a\u7684\u4f9b\u5e94\u5546\u7f51\u7edc\u3002.<\/p>\n\n\n\n<p class=\"wp-block-paragraph\">\u53e6\u4e00\u65b9\u9762\uff0c\u4e0a\u6c7d\u96c6\u56e2\uff08MG\u54c1\u724c\u7684\u6bcd\u516c\u53f8\uff09\u4e8e\u4eca\u5e746\u6708\u5ba3\u5e03\u767b\u9646\u897f\u73ed\u7259\uff0c\u5177\u4f53\u843d\u6237\u52a0\u5229\u897f\u4e9a\u5730\u533a\u7684\u8d39\u7f57\u5c14\u3002\u901a\u8fc7\u5728\u7b2c\u4e00\u9636\u6bb5\u6267\u884c\u4e2d\u6295\u8d442\u4ebf\u6b27\u5143\uff0c\u4e0a\u6c7d\u5c06\u5728\u8be5\u5730\u5efa\u7acb\u5176\u5728\u6b27\u6d32\u5927\u9646\u7684\u7b2c\u4e00\u5bb6\u6c7d\u8f66\u5de5\u5382\u3002.<\/p>\n\n\n\n<p class=\"wp-block-paragraph\">\u56e0\u6b64\uff0c\u8be5\u52a0\u5229\u897f\u4e9a\u5e02\u9547\u7684\u5de5\u7a0b\u5c06\u4e8e\u660e\u5e74\u5e74\u521d\u5f00\u59cb\uff0c\u4ee5\u4fbf\u57282028\u5e74\u5e95\u524d\u4f7f\u8be5\u603b\u90e8\u5b8c\u5168\u6295\u5165\u8fd0\u8425\uff0c\u5c4a\u65f6\u5c06\u67092,300\u591a\u540d\u5458\u5de5\uff0c\u6bcf\u5e74\u7ec4\u88c5\u7ea612\u4e07\u8f86\u6c7d\u8f66\u3002.<\/p>\n\n\n\n<p class=\"wp-block-paragraph\"><strong>\u96f6\u8dd1\u6c7d\u8f66\u5c06\u5728\u9a6c\u5fb7\u91cc\u548c\u8428\u62c9\u6208\u8428\u751f\u4ea7\u6c7d\u8f66<\/strong><\/p>\n\n\n\n<p class=\"wp-block-paragraph\">\u53e6\u4e00\u65b9\u9762\uff0cStellantis\u5728\u53bb\u5e745\u6708\u540c\u610f\u5c06\u4f4d\u4e8e\u9a6c\u5fb7\u91cc\u7684\u6bd4\u5229\u4e9a\u97e6\u5c14\u5fb7\uff08Villaverde\uff09\u5de5\u5382\u8f6c\u8ba9\u7ed9\u4e2d\u56fd\u516c\u53f8\u96f6\u8dd1\u6c7d\u8f66\uff08Leapmotor\uff09\u2014\u2014\u53cc\u65b9\u81ea2024\u5e74\u8d77\u5efa\u7acb\u4e86\u4e00\u5bb6\u5408\u8d44\u4f01\u4e1a\uff0c\u5e76\u5c06\u4e8e2028\u5e74\u5728\u8be5\u5de5\u5382\u5206\u914d\u4e24\u6b3eD\u7ea7\u8f66\u578b\uff0c\u5c4a\u65f6\u76ee\u524d\u5728\u6bd4\u5229\u4e9a\u97e6\u5c14\u5fb7\u57fa\u5730\u7ec4\u88c5\u7684\u96ea\u94c1\u9f99C4\u3001\u00eb-C4\u4ee5\u53caC4 X\u548c\u00eb-C4 X\u8f66\u578b\u7684\u751f\u4ea7\u5c06\u5ba3\u544a\u7ed3\u675f\u3002.<\/p>\n\n\n\n<p class=\"wp-block-paragraph\">\u6b64\u5916\uff0cLeapmotor\u8fd8\u5c06\u5728\u540c\u4e00\u65f6\u95f4\u4e8e\u83f2\u683c\u96f7\u74e6\u62c9\u65af\uff08\u8428\u62c9\u6208\u8428\uff09\u5de5\u5382\u6295\u4ea7\u4e00\u6b3e\u6b27\u5b9d\u54c1\u724c\u7684\u5168\u65b0100%\u7535\u52a8SUV\u8f66\u578b\u3002.<\/p>\n\n\n\n<p class=\"wp-block-paragraph\">\u636e\u4e2d\u56fd\u9a7b\u897f\u73ed\u7259\u5927\u4f7f\u59da\u656c\u5728\u63a5\u53d7\u5f6d\u535a\u793e\u91c7\u8bbf\u65f6\u8868\u793a\uff0c\u96f6\u8dd1\u6c7d\u8f66\u5c06\u6295\u8d44\u7ea62\u4ebf\u6b27\u5143\u7528\u4e8e\u6539\u9020\u65af\u7279\u5170\u8482\u65af\u5728\u83f2\u76d6\u9c81\u62c9\u65af\u7684\u5de5\u5382\u3002\u81f3\u4e8e\u6bd4\u5229\u4e9a\u97e6\u5fb7\u5de5\u5382\uff0c\u5177\u4f53\u6295\u8d44\u989d\u5c1a\u672a\u6b63\u5f0f\u516c\u5e03\uff0c\u4f46\u9884\u8ba1\u6570\u5b57\u4f1a\u76f8\u8fd1\u3002.<\/p>\n\n\n\n<p class=\"wp-block-paragraph\"><strong>\u6851\u5854\u7eb3<\/strong><\/p>\n\n\n\n<p class=\"wp-block-paragraph\">\u4e0e\u6b64\u540c\u65f6\uff0c\u5728\u54c8\u6069\u7701\u7684\u5229\u7eb3\u96f7\u65af\uff0cSantana Motors\u901a\u8fc7\u4e2d\u56fd\u5236\u9020\u5546\u5b89\u5fbd\u51a0\u53ca\u5176\u90d1\u5dde\u65e5\u4ea7\u6c7d\u8f66\uff08ZNA\uff09\u4e4b\u95f4\u7684\u5408\u8d44\u4f01\u4e1a\u91cd\u8fd4\u897f\u73ed\u7259\u6c7d\u8f66\u5e02\u573a\u3002\u6b64\u5916\uff0c\u8fd9\u5bb6\u6765\u81ea\u54c8\u6069\u7684\u6c7d\u8f66\u5236\u9020\u5546\u8fd8\u4e0e\u5317\u6c7d\u96c6\u56e2\uff08BAIC Motors\uff09\u8fbe\u6210\u4e86\u53e6\u4e00\u9879\u8054\u76df\uff0c\u897f\u73ed\u7259\u516c\u53f8\u5c06\u6210\u4e3a\u8fd9\u5bb6\u4e9a\u6d32\u516c\u53f8\u7684\u72ec\u5bb6\u5408\u4f5c\u4f19\u4f34\uff0c\u5e76\u5728\u5b89\u8fbe\u5362\u897f\u4e9a\u54c1\u724c\u7684\u65d7\u4e0b\u9500\u552e\u5176\u7cfb\u5217\u8f66\u578b\u3002\u672a\u6765\u4e09\u5e74\u7684\u4f30\u8ba1\u603b\u6295\u8d44\u989d\u8d85\u8fc78000\u4e07\u6b27\u5143\u3002.<\/p>\n\n\n\n<p class=\"wp-block-paragraph\"><strong>\u96f7\u8bfa\u4e0e\u5927\u4f17\u96c6\u56e2<\/strong><\/p>\n\n\n\n<p class=\"wp-block-paragraph\">\u5728\u897f\u73ed\u7259\u5e02\u573a\u62e5\u6709\u6df1\u539a\u6839\u57fa\u7684\u96f7\u8bfa\u6216\u5927\u4f17\u96c6\u56e2\u7b49\u5236\u9020\u5546\uff0c\u4e5f\u6b63\u5728\u5229\u7528\u5176\u5728\u897f\u73ed\u7259\u57fa\u5730\u7684\u6f5c\u529b\uff0c\u5c06\u5176\u6c7d\u8f66\u4ea7\u54c1\u7ec4\u5408\u62d3\u5c55\u81f3\u7535\u6c14\u5316\u9886\u57df\u3002.<\/p>\n\n\n\n<p class=\"wp-block-paragraph\">\u5728\u6cd5\u56fd\u65b9\u9762\uff0c\u96f7\u8bfa\u516c\u53f8\u4e8e\u4eca\u5e745\u6708\u5ba3\u5e03\uff0c\u672a\u6765\u51e0\u5e74\u5c06\u5728\u5176\u5e15\u4f26\u897f\u4e9a\u548c\u5df4\u5229\u4e9a\u591a\u5229\u5fb7\u5de5\u5382\u751f\u4ea7\u4e94\u6b3e\u7535\u52a8\u5316\u8f66\u578b\uff0c\u5176\u4e2d\u4e24\u6b3e\u5c06\u91c7\u7528100%\u7eaf\u7535\u52a8\u6a21\u5f0f\uff0c\u5176\u4f59\u4e3a\u6df7\u5408\u52a8\u529b\u8f66\u578b\u3002.<\/p>\n\n\n\n<p class=\"wp-block-paragraph\">\u5927\u4f17\u6c7d\u8f66\u96c6\u56e2\u4e5f\u5c06\u897f\u73ed\u7259\u7f6e\u4e8e\u5176\u7535\u6c14\u5316\u6218\u7565\u7684\u4e2d\u5fc3\uff0c\u751f\u4ea7\u65b0\u6b3e\u57ce\u5e02\u7eaf\u7535\u8f66\u578b\u3002\u4f4d\u4e8e\u5df4\u585e\u7f57\u90a3\u7684\u9a6c\u6258\u96f7\u5229\u5de5\u5382\u5c06\u751f\u4ea7 Cupra Raval \u548c\u5927\u4f17 ID. Polo\uff0c\u800c\u4f4d\u4e8e\u7eb3\u74e6\u62c9\u6f58\u666e\u6d1b\u7eb3\u7684\u5170\u8fbe\u672c\u5de5\u5382\u5c06\u7ec4\u88c5\u65af\u67ef\u8fbe Epiq\uff0c\u6240\u6709\u8fd9\u4e9b\u8f66\u578b\u5747\u57fa\u4e8e MEB \u5e73\u53f0\u5f00\u53d1\u3002.<\/p>\n\n\n\n<p class=\"wp-block-paragraph\">\u8fd9\u4e9b\u6295\u8d44\u662f\u8be5\u5fb7\u56fd\u96c6\u56e2\u7ea6 70 \u4ebf\u6b27\u5143\u5546\u4e1a\u9879\u76ee\u7684\u4e00\u90e8\u5206\uff0c\u8be5\u9879\u76ee\u5bf9\u5e94\u4e8e\u5176\u5728\u5927\u4f17\u6c7d\u8f66\u3001\u65af\u67ef\u8fbe\u3001\u897f\u96c5\u7279 &amp; Cupra \u4ee5\u53ca\u4f4d\u4e8e\u74e6\u4f26\u897f\u4e9a\u8428\u8d21\u6258\u7684 PowerCo \u672a\u6765\u7535\u6c60\u5382\u7684\u6295\u8d44\u3002.<\/p>\n\n\n\n<p class=\"wp-block-paragraph\"><strong>\u7535\u6c60\u5de5\u4e1a\uff0c\u53c8\u4e00\u4e2a\u91d1\u77ff<\/strong><\/p>\n\n\n\n<p class=\"wp-block-paragraph\">\u9664\u4e86\u6c7d\u8f66\u5236\u9020\u672c\u8eab\uff0c\u897f\u73ed\u7259\u5728\u5438\u5f15\u4e2d\u56fd\u6295\u8d44\u4ee5\u523a\u6fc0\u7535\u6c60\u751f\u4ea7\u65b9\u9762\u4e5f\u5341\u5206\u7a81\u51fa\u3002.<\/p>\n\n\n\n<p class=\"wp-block-paragraph\">\u5176\u4e2d\u7a81\u51fa\u7684\u6709\u4e2d\u56fd\u7535\u6c60\u5236\u9020\u5546\u5b81\u5fb7\u65f6\u4ee3\uff08CATL\uff09\u5c06\u4e0eStellantis\u5728\u8428\u62c9\u6208\u8428\u8054\u5408\u5efa\u8bbe\u7684\u7535\u6c60\u8d85\u7ea7\u5de5\u5382\u3001\u8fdc\u666f\u52a8\u529b\uff08Envision AESC\uff09\u5728\u5361\u585e\u96f7\u65af\u7701\u7eb3\u74e6\u5c14\u83ab\u62c9\u5fb7\u62c9\u9a6c\u5854\u7684\u6295\u8d44\u3001\u5947\u745e\u643a\u624bEbro\u5165\u9a7b\u5df4\u585e\u7f57\u90a3\u81ea\u7531\u8d38\u6613\u533a\u539f\u65e5\u4ea7\u6c7d\u8f66\u5de5\u5382\uff0c\u4ee5\u53ca\u56fd\u8f69\u9ad8\u79d1\u3001\u534e\u53cb\u53ca\u6c22\u84dd\u65f6\u4ee3\uff08\u6ce8\uff1aHygreen\u53ef\u6839\u636e\u884c\u4e1a\u4e60\u60ef\u8bd1\u4e3a\u201c\u534e\u4e30\u6c22\u80fd\u201d\u6216\u4fdd\u6301\u539f\u97f3\u8bd1\uff0c\u6b64\u5904\u91c7\u7528\u5e38\u89c4\u97f3\u8bd1\u201cHygreen\u201d\u6216\u901a\u7528\u540d\u79f0\uff0c\u4f46\u4e3a\u6c42\u51c6\u786e\u901a\u5e38\u8bd1\u4e3a\u201cHygreen\u201d\u3001\u201c\u5fb7\u7eb3\u8bfa\u7c73\u514b\uff08Dynanonic\uff09\u201d\u6216\u201c\u4e2d\u4f1f\u65b0\u6750\u6599\uff08CNGR\uff09\u201d\uff09\u7b49\u4f01\u4e1a\u5728\u5168\u56fd\u5404\u5730\u63a8\u8fdb\u7684\u5de5\u4e1a\u9879\u76ee\u3002\n\n*(\u6ce8\uff1a\u4e3a\u4fdd\u6301\u8bd1\u6587\u81ea\u7136\u6d41\u7545\u4e14\u7b26\u5408\u4e2d\u6587\u5546\u4e1a\/\u65b0\u95fb\u8bed\u5883\uff0c\u5bf9\u4f01\u4e1a\u540d\u79f0\u8fdb\u884c\u4e86\u6807\u51c6\u5316\u5904\u7406\u3002)*\n\n\u7cbe\u786e\u7248\u7ffb\u8bd1\u5982\u4e0b\uff1a\n\n\u5176\u4e2d\u7a81\u51fa\u7684\u662f\u4e2d\u56fd\u96c6\u56e2\u5b81\u5fb7\u65f6\u4ee3\uff08CATL\uff09\u5c06\u4e0eStellantis\u5728\u8428\u62c9\u6208\u8428\u5171\u540c\u5efa\u9020\u7684\u7535\u6c60\u8d85\u7ea7\u5de5\u5382\uff0c\u8fdc\u666f\u52a8\u529b\uff08Envision AESC\uff09\u5728\u5361\u585e\u96f7\u65af\u7701\u7eb3\u74e6\u5c14\u83ab\u62c9\u5fb7\u62c9\u9a6c\u5854\uff08Navalmoral de la Mata\uff09\u7684\u6295\u8d44\uff0c\u5947\u745e\u643a\u624bEbro\u5165\u9a7b\u5df4\u585e\u7f57\u90a3\u81ea\u7531\u8d38\u6613\u533a\uff08Zona Franca\uff09\u539f\u65e5\u4ea7\u6c7d\u8f66\u5de5\u5382\uff0c\u4ee5\u53ca\u56fd\u8f69\u9ad8\u79d1\u3001Hygreen\u3001\u5fb7\u7eb3\u8bfa\u7c73\u514b\uff08Dynanonic\uff09\u6216\u4e2d\u4f1f\u80a1\u4efd\uff08CNGR\uff09\u7b49\u4f01\u4e1a\u5728\u5168\u56fd\u5404\u5730\u63a8\u52a8\u7684\u5de5\u4e1a\u9879\u76ee\u3002.<\/p>\n\n\n\n<p class=\"wp-block-paragraph\">\u6765\u6e90\uff1a\u6b27\u7f57\u5df4\u901a\u8baf\u793e<\/p>","protected":false},"excerpt":{"rendered":"<p>Espa\u00f1a se ha convertido en uno de los principales destinos de inversi\u00f3n china en Europa en el sector automovil\u00edstico, con la previsi\u00f3n de nuevas fuentes de ingresos multimillonarios que incentivar\u00e1n la producci\u00f3n &#8216;Made in Spain&#8217; en los pr\u00f3ximos a\u00f1os, convirtiendo al pa\u00eds en uno de los principales centros industriales en el mercado europeo. La \u00faltima [&#8230;]\n","protected":false},"author":2,"featured_media":869,"comment_status":"closed","ping_status":"closed","sticky":false,"template":"","format":"standard","meta":{"footnotes":""},"categories":[101,99],"tags":[21,113],"class_list":["post-866","post","type-post","status-publish","format-standard","has-post-thumbnail","hentry","category-cooperacion","category-vehiculo-electrrico","tag-colaboracion_hispano-china","tag-vehiculo-electrico"],"yoast_head":"<!-- This site is optimized with the Yoast SEO plugin v28.3 - https:\/\/yoast.com\/product\/yoast-seo-wordpress\/ -->\n<title>Espa\u00f1a, el gran escaparate para la automoci\u00f3n europea y China en los pr\u00f3ximos a\u00f1os - ACIIEC<\/title>\n<meta name=\"robots\" content=\"index, follow, max-snippet:-1, max-image-preview:large, max-video-preview:-1\" \/>\n<link rel=\"canonical\" href=\"https:\/\/aciiec.org\/zh\/2026\/08\/25\/\u897f\u73ed\u7259\uff1a\u672a\u6765\u51e0\u5e74\u6b27\u6d32\u4e0e\u4e2d\u56fd\u6c7d\u8f66\u4e1a\u7684\u8d85\u7ea7\u5c55\u53f0\/\" \/>\n<meta property=\"og:locale\" content=\"zh_CN\" \/>\n<meta property=\"og:type\" content=\"article\" \/>\n<meta property=\"og:title\" content=\"Espa\u00f1a, el gran escaparate para la automoci\u00f3n europea y China en los pr\u00f3ximos a\u00f1os - ACIIEC\" \/>\n<meta property=\"og:description\" content=\"Espa\u00f1a se ha convertido en uno de los principales destinos de inversi\u00f3n china en Europa en el sector automovil\u00edstico, con la previsi\u00f3n de nuevas fuentes de ingresos multimillonarios que incentivar\u00e1n la producci\u00f3n &#8216;Made in Spain&#8217; en los pr\u00f3ximos a\u00f1os, convirtiendo al pa\u00eds en uno de los principales centros industriales en el mercado europeo. La \u00faltima [...]\" \/>\n<meta property=\"og:url\" content=\"https:\/\/aciiec.org\/zh\/2026\/08\/25\/\u897f\u73ed\u7259\uff1a\u672a\u6765\u51e0\u5e74\u6b27\u6d32\u4e0e\u4e2d\u56fd\u6c7d\u8f66\u4e1a\u7684\u8d85\u7ea7\u5c55\u53f0\/\" \/>\n<meta property=\"og:site_name\" content=\"ACIIEC\" \/>\n<meta property=\"article:published_time\" content=\"2026-08-25T21:54:30+00:00\" \/>\n<meta property=\"article:modified_time\" content=\"2026-08-25T22:00:37+00:00\" \/>\n<meta property=\"og:image\" content=\"https:\/\/aciiec.org\/wp-content\/uploads\/2026\/08\/Imagen1.jpg\" \/>\n\t<meta property=\"og:image:width\" content=\"532\" \/>\n\t<meta property=\"og:image:height\" content=\"355\" \/>\n\t<meta property=\"og:image:type\" content=\"image\/jpeg\" \/>\n<meta name=\"author\" content=\"Ina Wang\" \/>\n<meta name=\"twitter:card\" content=\"summary_large_image\" \/>\n<meta name=\"twitter:label1\" content=\"\u4f5c\u8005\" \/>\n\t<meta name=\"twitter:data1\" content=\"Ina Wang\" \/>\n\t<meta name=\"twitter:label2\" content=\"\u9884\u8ba1\u9605\u8bfb\u65f6\u95f4\" \/>\n\t<meta name=\"twitter:data2\" content=\"4 \u5206\" \/>\n<script type=\"application\/ld+json\" class=\"yoast-schema-graph\">{\"@context\":\"https:\\\/\\\/schema.org\",\"@graph\":[{\"@type\":\"Article\",\"@id\":\"https:\\\/\\\/aciiec.org\\\/2026\\\/08\\\/25\\\/espana-el-gran-escaparate-para-la-automocion-europea-y-china-en-los-proximos-anos\\\/#article\",\"isPartOf\":{\"@id\":\"https:\\\/\\\/aciiec.org\\\/2026\\\/08\\\/25\\\/espana-el-gran-escaparate-para-la-automocion-europea-y-china-en-los-proximos-anos\\\/\"},\"author\":{\"name\":\"Ina Wang\",\"@id\":\"https:\\\/\\\/aciiec.org\\\/#\\\/schema\\\/person\\\/96134fc23b0fc219f6947401bd746e7c\"},\"headline\":\"Espa\u00f1a, el gran escaparate para la automoci\u00f3n europea y China en los pr\u00f3ximos a\u00f1os\",\"datePublished\":\"2026-08-25T21:54:30+00:00\",\"dateModified\":\"2026-08-25T22:00:37+00:00\",\"mainEntityOfPage\":{\"@id\":\"https:\\\/\\\/aciiec.org\\\/2026\\\/08\\\/25\\\/espana-el-gran-escaparate-para-la-automocion-europea-y-china-en-los-proximos-anos\\\/\"},\"wordCount\":880,\"publisher\":{\"@id\":\"https:\\\/\\\/aciiec.org\\\/#organization\"},\"image\":{\"@id\":\"https:\\\/\\\/aciiec.org\\\/2026\\\/08\\\/25\\\/espana-el-gran-escaparate-para-la-automocion-europea-y-china-en-los-proximos-anos\\\/#primaryimage\"},\"thumbnailUrl\":\"https:\\\/\\\/aciiec.org\\\/wp-content\\\/uploads\\\/2026\\\/08\\\/Imagen1.jpg\",\"keywords\":[\"Colaboraci\u00f3n Hispano-China\",\"Vehiculo el\u00e9ctrico\"],\"articleSection\":[\"Cooperaci\u00f3n\",\"Vehiculo el\u00e9ctrico\"],\"inLanguage\":\"zh-Hans\"},{\"@type\":\"WebPage\",\"@id\":\"https:\\\/\\\/aciiec.org\\\/2026\\\/08\\\/25\\\/espana-el-gran-escaparate-para-la-automocion-europea-y-china-en-los-proximos-anos\\\/\",\"url\":\"https:\\\/\\\/aciiec.org\\\/2026\\\/08\\\/25\\\/espana-el-gran-escaparate-para-la-automocion-europea-y-china-en-los-proximos-anos\\\/\",\"name\":\"Espa\u00f1a, el gran escaparate para la automoci\u00f3n europea y China en los pr\u00f3ximos a\u00f1os - ACIIEC\",\"isPartOf\":{\"@id\":\"https:\\\/\\\/aciiec.org\\\/#website\"},\"primaryImageOfPage\":{\"@id\":\"https:\\\/\\\/aciiec.org\\\/2026\\\/08\\\/25\\\/espana-el-gran-escaparate-para-la-automocion-europea-y-china-en-los-proximos-anos\\\/#primaryimage\"},\"image\":{\"@id\":\"https:\\\/\\\/aciiec.org\\\/2026\\\/08\\\/25\\\/espana-el-gran-escaparate-para-la-automocion-europea-y-china-en-los-proximos-anos\\\/#primaryimage\"},\"thumbnailUrl\":\"https:\\\/\\\/aciiec.org\\\/wp-content\\\/uploads\\\/2026\\\/08\\\/Imagen1.jpg\",\"datePublished\":\"2026-08-25T21:54:30+00:00\",\"dateModified\":\"2026-08-25T22:00:37+00:00\",\"breadcrumb\":{\"@id\":\"https:\\\/\\\/aciiec.org\\\/2026\\\/08\\\/25\\\/espana-el-gran-escaparate-para-la-automocion-europea-y-china-en-los-proximos-anos\\\/#breadcrumb\"},\"inLanguage\":\"zh-Hans\",\"potentialAction\":[{\"@type\":\"ReadAction\",\"target\":[\"https:\\\/\\\/aciiec.org\\\/2026\\\/08\\\/25\\\/espana-el-gran-escaparate-para-la-automocion-europea-y-china-en-los-proximos-anos\\\/\"]}]},{\"@type\":\"ImageObject\",\"inLanguage\":\"zh-Hans\",\"@id\":\"https:\\\/\\\/aciiec.org\\\/2026\\\/08\\\/25\\\/espana-el-gran-escaparate-para-la-automocion-europea-y-china-en-los-proximos-anos\\\/#primaryimage\",\"url\":\"https:\\\/\\\/aciiec.org\\\/wp-content\\\/uploads\\\/2026\\\/08\\\/Imagen1.jpg\",\"contentUrl\":\"https:\\\/\\\/aciiec.org\\\/wp-content\\\/uploads\\\/2026\\\/08\\\/Imagen1.jpg\",\"width\":532,\"height\":355},{\"@type\":\"BreadcrumbList\",\"@id\":\"https:\\\/\\\/aciiec.org\\\/2026\\\/08\\\/25\\\/espana-el-gran-escaparate-para-la-automocion-europea-y-china-en-los-proximos-anos\\\/#breadcrumb\",\"itemListElement\":[{\"@type\":\"ListItem\",\"position\":1,\"name\":\"Portada\",\"item\":\"https:\\\/\\\/aciiec.org\\\/\"},{\"@type\":\"ListItem\",\"position\":2,\"name\":\"Espa\u00f1a, el gran escaparate para la automoci\u00f3n europea y China en los pr\u00f3ximos a\u00f1os\"}]},{\"@type\":\"WebSite\",\"@id\":\"https:\\\/\\\/aciiec.org\\\/#website\",\"url\":\"https:\\\/\\\/aciiec.org\\\/\",\"name\":\"ACIIEC\",\"description\":\"Asociaci\u00f3n para la Cooperaci\u00f3n Industrial y de Ingenier\u00eda Espa\u00f1a-China\",\"publisher\":{\"@id\":\"https:\\\/\\\/aciiec.org\\\/#organization\"},\"potentialAction\":[{\"@type\":\"SearchAction\",\"target\":{\"@type\":\"EntryPoint\",\"urlTemplate\":\"https:\\\/\\\/aciiec.org\\\/?s={search_term_string}\"},\"query-input\":{\"@type\":\"PropertyValueSpecification\",\"valueRequired\":true,\"valueName\":\"search_term_string\"}}],\"inLanguage\":\"zh-Hans\"},{\"@type\":\"Organization\",\"@id\":\"https:\\\/\\\/aciiec.org\\\/#organization\",\"name\":\"ACIIEC\",\"url\":\"https:\\\/\\\/aciiec.org\\\/\",\"logo\":{\"@type\":\"ImageObject\",\"inLanguage\":\"zh-Hans\",\"@id\":\"https:\\\/\\\/aciiec.org\\\/#\\\/schema\\\/logo\\\/image\\\/\",\"url\":\"https:\\\/\\\/aciiec.org\\\/wp-content\\\/uploads\\\/2026\\\/05\\\/aciiec.png\",\"contentUrl\":\"https:\\\/\\\/aciiec.org\\\/wp-content\\\/uploads\\\/2026\\\/05\\\/aciiec.png\",\"width\":832,\"height\":300,\"caption\":\"ACIIEC\"},\"image\":{\"@id\":\"https:\\\/\\\/aciiec.org\\\/#\\\/schema\\\/logo\\\/image\\\/\"},\"sameAs\":[\"https:\\\/\\\/www.linkedin.com\\\/company\\\/aciiec-asociacin-para-la-cooperacin-industrial-y-de-ingeniera-espaa-china\"]},{\"@type\":\"Person\",\"@id\":\"https:\\\/\\\/aciiec.org\\\/#\\\/schema\\\/person\\\/96134fc23b0fc219f6947401bd746e7c\",\"name\":\"Ina Wang\",\"image\":{\"@type\":\"ImageObject\",\"inLanguage\":\"zh-Hans\",\"@id\":\"https:\\\/\\\/secure.gravatar.com\\\/avatar\\\/608ebb36afb0d638dff9f1a412da339dec9a4878e2c966f75c4573297d1708aa?s=96&d=mm&r=g\",\"url\":\"https:\\\/\\\/secure.gravatar.com\\\/avatar\\\/608ebb36afb0d638dff9f1a412da339dec9a4878e2c966f75c4573297d1708aa?s=96&d=mm&r=g\",\"contentUrl\":\"https:\\\/\\\/secure.gravatar.com\\\/avatar\\\/608ebb36afb0d638dff9f1a412da339dec9a4878e2c966f75c4573297d1708aa?s=96&d=mm&r=g\",\"caption\":\"Ina Wang\"},\"url\":\"https:\\\/\\\/aciiec.org\\\/zh\\\/author\\\/ina_wang\\\/\"}]}<\/script>\n<!-- \/ Yoast SEO plugin. -->","yoast_head_json":{"title":"\u897f\u73ed\u7259\uff1a\u672a\u6765\u51e0\u5e74\u6b27\u6d32\u4e0e\u4e2d\u56fd\u6c7d\u8f66\u5de5\u4e1a\u7684\u8d85\u7ea7\u5c55\u53f0 \u2014\u2014 ACIIEC","robots":{"index":"index","follow":"follow","max-snippet":"max-snippet:-1","max-image-preview":"max-image-preview:large","max-video-preview":"max-video-preview:-1"},"canonical":"https:\/\/aciiec.org\/zh\/2026\/08\/25\/\u897f\u73ed\u7259\uff1a\u672a\u6765\u51e0\u5e74\u6b27\u6d32\u4e0e\u4e2d\u56fd\u6c7d\u8f66\u4e1a\u7684\u8d85\u7ea7\u5c55\u53f0\/","og_locale":"zh_CN","og_type":"article","og_title":"Espa\u00f1a, el gran escaparate para la automoci\u00f3n europea y China en los pr\u00f3ximos a\u00f1os - ACIIEC","og_description":"Espa\u00f1a se ha convertido en uno de los principales destinos de inversi\u00f3n china en Europa en el sector automovil\u00edstico, con la previsi\u00f3n de nuevas fuentes de ingresos multimillonarios que incentivar\u00e1n la producci\u00f3n &#8216;Made in Spain&#8217; en los pr\u00f3ximos a\u00f1os, convirtiendo al pa\u00eds en uno de los principales centros industriales en el mercado europeo. La \u00faltima [...]","og_url":"https:\/\/aciiec.org\/zh\/2026\/08\/25\/\u897f\u73ed\u7259\uff1a\u672a\u6765\u51e0\u5e74\u6b27\u6d32\u4e0e\u4e2d\u56fd\u6c7d\u8f66\u4e1a\u7684\u8d85\u7ea7\u5c55\u53f0\/","og_site_name":"ACIIEC","article_published_time":"2026-08-25T21:54:30+00:00","article_modified_time":"2026-08-25T22:00:37+00:00","og_image":[{"width":532,"height":355,"url":"https:\/\/aciiec.org\/wp-content\/uploads\/2026\/08\/Imagen1.jpg","type":"image\/jpeg"}],"author":"Ina Wang","twitter_card":"summary_large_image","twitter_misc":{"\u4f5c\u8005":"Ina Wang","\u9884\u8ba1\u9605\u8bfb\u65f6\u95f4":"4 \u5206"},"schema":{"@context":"https:\/\/schema.org","@graph":[{"@type":"Article","@id":"https:\/\/aciiec.org\/2026\/08\/25\/espana-el-gran-escaparate-para-la-automocion-europea-y-china-en-los-proximos-anos\/#article","isPartOf":{"@id":"https:\/\/aciiec.org\/2026\/08\/25\/espana-el-gran-escaparate-para-la-automocion-europea-y-china-en-los-proximos-anos\/"},"author":{"name":"Ina Wang","@id":"https:\/\/aciiec.org\/#\/schema\/person\/96134fc23b0fc219f6947401bd746e7c"},"headline":"Espa\u00f1a, el gran escaparate para la automoci\u00f3n europea y China en los pr\u00f3ximos a\u00f1os","datePublished":"2026-08-25T21:54:30+00:00","dateModified":"2026-08-25T22:00:37+00:00","mainEntityOfPage":{"@id":"https:\/\/aciiec.org\/2026\/08\/25\/espana-el-gran-escaparate-para-la-automocion-europea-y-china-en-los-proximos-anos\/"},"wordCount":880,"publisher":{"@id":"https:\/\/aciiec.org\/#organization"},"image":{"@id":"https:\/\/aciiec.org\/2026\/08\/25\/espana-el-gran-escaparate-para-la-automocion-europea-y-china-en-los-proximos-anos\/#primaryimage"},"thumbnailUrl":"https:\/\/aciiec.org\/wp-content\/uploads\/2026\/08\/Imagen1.jpg","keywords":["Colaboraci\u00f3n Hispano-China","Vehiculo el\u00e9ctrico"],"articleSection":["Cooperaci\u00f3n","Vehiculo el\u00e9ctrico"],"inLanguage":"zh-Hans"},{"@type":"WebPage","@id":"https:\/\/aciiec.org\/2026\/08\/25\/espana-el-gran-escaparate-para-la-automocion-europea-y-china-en-los-proximos-anos\/","url":"https:\/\/aciiec.org\/2026\/08\/25\/espana-el-gran-escaparate-para-la-automocion-europea-y-china-en-los-proximos-anos\/","name":"\u897f\u73ed\u7259\uff1a\u672a\u6765\u51e0\u5e74\u6b27\u6d32\u4e0e\u4e2d\u56fd\u6c7d\u8f66\u5de5\u4e1a\u7684\u8d85\u7ea7\u5c55\u53f0 \u2014\u2014 ACIIEC","isPartOf":{"@id":"https:\/\/aciiec.org\/#website"},"primaryImageOfPage":{"@id":"https:\/\/aciiec.org\/2026\/08\/25\/espana-el-gran-escaparate-para-la-automocion-europea-y-china-en-los-proximos-anos\/#primaryimage"},"image":{"@id":"https:\/\/aciiec.org\/2026\/08\/25\/espana-el-gran-escaparate-para-la-automocion-europea-y-china-en-los-proximos-anos\/#primaryimage"},"thumbnailUrl":"https:\/\/aciiec.org\/wp-content\/uploads\/2026\/08\/Imagen1.jpg","datePublished":"2026-08-25T21:54:30+00:00","dateModified":"2026-08-25T22:00:37+00:00","breadcrumb":{"@id":"https:\/\/aciiec.org\/2026\/08\/25\/espana-el-gran-escaparate-para-la-automocion-europea-y-china-en-los-proximos-anos\/#breadcrumb"},"inLanguage":"zh-Hans","potentialAction":[{"@type":"ReadAction","target":["https:\/\/aciiec.org\/2026\/08\/25\/espana-el-gran-escaparate-para-la-automocion-europea-y-china-en-los-proximos-anos\/"]}]},{"@type":"ImageObject","inLanguage":"zh-Hans","@id":"https:\/\/aciiec.org\/2026\/08\/25\/espana-el-gran-escaparate-para-la-automocion-europea-y-china-en-los-proximos-anos\/#primaryimage","url":"https:\/\/aciiec.org\/wp-content\/uploads\/2026\/08\/Imagen1.jpg","contentUrl":"https:\/\/aciiec.org\/wp-content\/uploads\/2026\/08\/Imagen1.jpg","width":532,"height":355},{"@type":"BreadcrumbList","@id":"https:\/\/aciiec.org\/2026\/08\/25\/espana-el-gran-escaparate-para-la-automocion-europea-y-china-en-los-proximos-anos\/#breadcrumb","itemListElement":[{"@type":"ListItem","position":1,"name":"Portada","item":"https:\/\/aciiec.org\/"},{"@type":"ListItem","position":2,"name":"Espa\u00f1a, el gran escaparate para la automoci\u00f3n europea y China en los pr\u00f3ximos a\u00f1os"}]},{"@type":"WebSite","@id":"https:\/\/aciiec.org\/#website","url":"https:\/\/aciiec.org\/","name":"ACIIEC","description":"\u897f\u73ed\u7259-\u4e2d\u56fd\u5de5\u4e1a\u4e0e\u5de5\u7a0b\u5408\u4f5c\u534f\u4f1a","publisher":{"@id":"https:\/\/aciiec.org\/#organization"},"potentialAction":[{"@type":"SearchAction","target":{"@type":"EntryPoint","urlTemplate":"https:\/\/aciiec.org\/?s={search_term_string}"},"query-input":{"@type":"PropertyValueSpecification","valueRequired":true,"valueName":"search_term_string"}}],"inLanguage":"zh-Hans"},{"@type":"Organization","@id":"https:\/\/aciiec.org\/#organization","name":"ACIIEC","url":"https:\/\/aciiec.org\/","logo":{"@type":"ImageObject","inLanguage":"zh-Hans","@id":"https:\/\/aciiec.org\/#\/schema\/logo\/image\/","url":"https:\/\/aciiec.org\/wp-content\/uploads\/2026\/05\/aciiec.png","contentUrl":"https:\/\/aciiec.org\/wp-content\/uploads\/2026\/05\/aciiec.png","width":832,"height":300,"caption":"ACIIEC"},"image":{"@id":"https:\/\/aciiec.org\/#\/schema\/logo\/image\/"},"sameAs":["https:\/\/www.linkedin.com\/company\/aciiec-asociacin-para-la-cooperacin-industrial-y-de-ingeniera-espaa-china"]},{"@type":"Person","@id":"https:\/\/aciiec.org\/#\/schema\/person\/96134fc23b0fc219f6947401bd746e7c","name":"\u738b\u4f0a\u5a1c","image":{"@type":"ImageObject","inLanguage":"zh-Hans","@id":"https:\/\/secure.gravatar.com\/avatar\/608ebb36afb0d638dff9f1a412da339dec9a4878e2c966f75c4573297d1708aa?s=96&d=mm&r=g","url":"https:\/\/secure.gravatar.com\/avatar\/608ebb36afb0d638dff9f1a412da339dec9a4878e2c966f75c4573297d1708aa?s=96&d=mm&r=g","contentUrl":"https:\/\/secure.gravatar.com\/avatar\/608ebb36afb0d638dff9f1a412da339dec9a4878e2c966f75c4573297d1708aa?s=96&d=mm&r=g","caption":"Ina Wang"},"url":"https:\/\/aciiec.org\/zh\/author\/ina_wang\/"}]}},"_links":{"self":[{"href":"https:\/\/aciiec.org\/zh\/wp-json\/wp\/v2\/posts\/866","targetHints":{"allow":["GET"]}}],"collection":[{"href":"https:\/\/aciiec.org\/zh\/wp-json\/wp\/v2\/posts"}],"about":[{"href":"https:\/\/aciiec.org\/zh\/wp-json\/wp\/v2\/types\/post"}],"author":[{"embeddable":true,"href":"https:\/\/aciiec.org\/zh\/wp-json\/wp\/v2\/users\/2"}],"replies":[{"embeddable":true,"href":"https:\/\/aciiec.org\/zh\/wp-json\/wp\/v2\/comments?post=866"}],"version-history":[{"count":1,"href":"https:\/\/aciiec.org\/zh\/wp-json\/wp\/v2\/posts\/866\/revisions"}],"predecessor-version":[{"id":868,"href":"https:\/\/aciiec.org\/zh\/wp-json\/wp\/v2\/posts\/866\/revisions\/868"}],"wp:featuredmedia":[{"embeddable":true,"href":"https:\/\/aciiec.org\/zh\/wp-json\/wp\/v2\/media\/869"}],"wp:attachment":[{"href":"https:\/\/aciiec.org\/zh\/wp-json\/wp\/v2\/media?parent=866"}],"wp:term":[{"taxonomy":"category","embeddable":true,"href":"https:\/\/aciiec.org\/zh\/wp-json\/wp\/v2\/categories?post=866"},{"taxonomy":"post_tag","embeddable":true,"href":"https:\/\/aciiec.org\/zh\/wp-json\/wp\/v2\/tags?post=866"}],"curies":[{"name":"wp","href":"https:\/\/api.w.org\/{rel}","templated":true}]}}