{"id":863,"date":"2026-08-20T16:02:22","date_gmt":"2026-08-20T16:02:22","guid":{"rendered":"https:\/\/aciiec.org\/?p=863"},"modified":"2026-08-20T16:02:22","modified_gmt":"2026-08-20T16:02:22","slug":"%e4%b8%ad%e5%9b%bd%e4%b8%8a%e6%b1%bd%e9%9b%86%e5%9b%a2%e5%b0%86%e5%9c%a8%e8%a5%bf%e7%8f%ad%e7%89%99%e5%bb%ba%e7%ab%8b%e5%85%b6%e5%9c%a8%e6%ac%a7%e6%b4%b2%e7%9a%84%e7%ac%ac%e4%b8%80%e5%ae%b6%e7%94%b5","status":"publish","type":"post","link":"https:\/\/aciiec.org\/zh\/2026\/08\/20\/el-grupo-chino-saic-construira-en-espana-su-primera-fabrica-de-vehiculos-electricos-en-europa\/","title":{"rendered":"\u4e2d\u56fd\u4e0a\u6c7d\u96c6\u56e2\u5c06\u5728\u897f\u73ed\u7259\u5efa\u7acb\u5176\u5728\u6b27\u6d32\u7684\u7b2c\u4e00\u5bb6\u7535\u52a8\u6c7d\u8f66\u5de5\u5382"},"content":{"rendered":"<p class=\"wp-block-paragraph\">\u4e2d\u56fd\u6c7d\u8f66\u5236\u9020\u5546\u4e0a\u6c7d\u96c6\u56e2\uff08\u4e0a\u6d77\u6c7d\u8f66\u96c6\u56e2\u80a1\u4efd\u6709\u9650\u516c\u53f8\uff09\u5c06\u5728\u897f\u73ed\u7259\u52a0\u5229\u897f\u4e9a\u81ea\u6cbb\u533a\u8d39\u7f57\u5c14\u5efa\u9020\u5176\u5728\u6b27\u6d32\u7684\u7b2c\u4e00\u5bb6\u7535\u52a8\u6c7d\u8f66\u5236\u9020\u5382\u3002\u52a0\u5229\u897f\u4e9a\u81ea\u6cbb\u533a\u4e3b\u5e2d\u963f\u65b9\u7d22\u00b7\u9c81\u57c3\u8fbe\u4e8e6\u6708\u521d\u5ba3\u5e03\u4e86\u8be5\u9879\u76ee\u3002\u6839\u636e\u4ed6\u7684\u53d1\u8a00\uff0c\u521d\u59cb\u6295\u8d44\u989d\u5c06\u8fbe\u52302\u4ebf\u6b27\u5143\uff0c\u5e76\u5c06\u5728\u5f53\u5730\u521b\u90202300\u591a\u4e2a\u5de5\u4f5c\u5c97\u4f4d\u3002.<\/p>\n\n\n\n<p class=\"wp-block-paragraph\">\u6839\u636e\u5b98\u65b9\u89c4\u5212\uff0c\u8be5\u5de5\u5382\u5c06\u4e8e2027\u5e74\u5f00\u59cb\u5efa\u8bbe\uff0c\u5e76\u4e8e2028\u5e74\u5e95\u6295\u5165\u8fd0\u8425\uff0c\u5e74\u4ea7\u80fd\u4e3a12\u4e07\u8f86\u6c7d\u8f66\u3002\u6b64\u5916\uff0c\u9c81\u57c3\u8fbe\u4e3b\u5e2d\u8868\u793a\uff0c\u8be5\u9879\u76ee\u5305\u62ec\u5728\u5f53\u5730\u6e2f\u53e3\u9644\u8fd1\u5efa\u8bbe\u4e00\u4e2a\u914d\u5957\u4ea7\u4e1a\u56ed\uff0c\u8d1f\u8d23\u8f66\u8f86\u7684\u7ec4\u88c5\u548c\u8fd0\u8f93\u3002.<\/p>\n\n\n\n<p class=\"wp-block-paragraph\">\u52a0\u5229\u897f\u4e9a\u81ea\u6cbb\u533a\u653f\u5e9c\u7ecf\u6d4e\u4e0e\u5de5\u4e1a\u90e8\u957f\u739b\u4e3d\u4e9a\u00b7\u8d6b\u82cf\u65af\u00b7\u6d1b\u4f26\u8428\u7eb3\u00b7\u7d22\u83ab\u8428\u5f3a\u8c03\uff0c\u8be5\u9879\u76ee\u662f\u52a0\u5229\u897f\u4e9a\u00ab\u8fd1\u51e0\u5341\u5e74\u6765\u6700\u5927\u7684\u5de5\u4e1a\u9879\u76ee\u00bb\uff0c\u5c06\u4e3a\u8be5\u5730\u533a\u5e26\u6765\u5e7f\u9614\u7684\u7ecf\u6d4e\u548c\u5de5\u4e1a\u53d1\u5c55\u673a\u9047\u3002.<\/p>\n\n\n\n<p class=\"wp-block-paragraph\">\u4e2d\u56fd\u5916\u4ea4\u90e8\u53d1\u8a00\u4eba\u90ed\u5609\u6606\u57288\u670812\u65e5\u7684\u8bb0\u8005\u4f1a\u4e0a\u56de\u7b54\u4e86\u6709\u5173\u8be5\u9879\u76ee\u7684\u95ee\u9898\u3002\u4ed6\u8868\u793a\uff0c\u4e2d\u65b9\u6ce8\u610f\u5230\u897f\u73ed\u7259\u4e2d\u592e\u653f\u5e9c\u548c\u5730\u65b9\u653f\u5e9c\u7684\u79ef\u6781\u8868\u6001\u3002\u4e2d\u65b9\u613f\u5728\u76f8\u4e92\u5c0a\u91cd\u3001\u4e92\u5229\u5171\u8d62\u7684\u539f\u5219\u4e0b\uff0c\u4e0d\u65ad\u6df1\u5316\u4e2d\u897f\u53cc\u8fb9\u52a1\u5b9e\u5408\u4f5c\uff0c\u5e76\u5e0c\u671b\u897f\u73ed\u7259\u4e3a\u4e2d\u56fd\u4f01\u4e1a\u63d0\u4f9b\u516c\u6b63\u3001\u516c\u5e73\u3001\u975e\u6b67\u89c6\u7684\u8425\u5546\u73af\u5883\u3002.<\/p>\n\n\n\n<p class=\"wp-block-paragraph\">\u5206\u6790\u4eba\u58eb\u6307\u51fa\uff0c\u8be5\u9879\u76ee\u4e00\u65e6\u843d\u5730\uff0c\u4e0d\u4ec5\u5c06\u5728\u8d39\u7f57\u5c14\u548c\u6574\u4e2a\u52a0\u5229\u897f\u4e9a\u521b\u9020\u5927\u91cf\u7684\u5c31\u4e1a\u548c\u7ecf\u6d4e\u673a\u4f1a\uff0c\u8fd8\u5c06\u5229\u7528\u4e0a\u6c7d\u7684\u6280\u672f\u548c\u4f9b\u5e94\u94fe\u4f18\u52bf\uff0c\u63a8\u52a8\u897f\u73ed\u7259\u7535\u52a8\u6c7d\u8f66\u4ea7\u4e1a\u7684\u53d1\u5c55\u3002\u8be5\u9879\u76ee\u4f53\u73b0\u4e86\u4e2d\u897f\u4e24\u56fd\u5728\u65b0\u80fd\u6e90\u548c\u667a\u80fd\u5236\u9020\u9886\u57df\u4e92\u5229\u5408\u4f5c\u7684\u5e7f\u9614\u524d\u666f\u3002.<\/p>\n\n\n\n<p class=\"wp-block-paragraph\"><em>\u6ce8\uff1a\u672c\u6587\u53c2\u8003\u4e86\u65b0\u534e\u793e\u3001\u4e2d\u56fd\u65b0\u95fb\u793e\u3001\u897f\u73ed\u7259\u300a\u56fd\u5bb6\u62a5\u300b\u3001\u4e2d\u56fd\u9a7b\u897f\u73ed\u7259\u5927\u4f7f\u9986\u548c\u300a\u73af\u7403\u65f6\u62a5\u300b\u7684\u4fe1\u606f\u3002.<\/em><\/p>","protected":false},"excerpt":{"rendered":"<p>El fabricante chino de autom\u00f3viles SAIC (Shanghai Automotive Industry Corporation) construir\u00e1 en Ferrol, en la comunidad aut\u00f3noma de Galicia (Espa\u00f1a), su primera planta de fabricaci\u00f3n de veh\u00edculos el\u00e9ctricos en Europa. El presidente de la Xunta de Galicia, Alfonso Rueda, anunci\u00f3 el proyecto a principios de junio. Seg\u00fan sus declaraciones, la inversi\u00f3n inicial ascender\u00e1 a 200 [&#8230;]\n","protected":false},"author":2,"featured_media":864,"comment_status":"closed","ping_status":"closed","sticky":false,"template":"","format":"standard","meta":{"footnotes":""},"categories":[99],"tags":[114,105,113],"class_list":["post-863","post","type-post","status-publish","format-standard","has-post-thumbnail","hentry","category-vehiculo-electrrico","tag-inversion","tag-tecnologia","tag-vehiculo-electrico"],"yoast_head":"<!-- This site is optimized with the Yoast SEO plugin v28.3 - https:\/\/yoast.com\/product\/yoast-seo-wordpress\/ -->\n<title>El grupo chino SAIC construir\u00e1 en Espa\u00f1a su primera f\u00e1brica de veh\u00edculos el\u00e9ctricos en Europa - ACIIEC<\/title>\n<meta name=\"robots\" content=\"index, follow, max-snippet:-1, max-image-preview:large, max-video-preview:-1\" \/>\n<link rel=\"canonical\" href=\"https:\/\/aciiec.org\/zh\/2026\/08\/20\/\u4e2d\u56fd\u4e0a\u6c7d\u96c6\u56e2\u5c06\u5728\u897f\u73ed\u7259\u5efa\u7acb\u5176\u5728\u6b27\u6d32\u7684\u7b2c\u4e00\u5bb6\u7535\/\" \/>\n<meta property=\"og:locale\" content=\"zh_CN\" \/>\n<meta property=\"og:type\" content=\"article\" \/>\n<meta property=\"og:title\" content=\"El grupo chino SAIC construir\u00e1 en Espa\u00f1a su primera f\u00e1brica de veh\u00edculos el\u00e9ctricos en Europa - ACIIEC\" \/>\n<meta property=\"og:description\" content=\"El fabricante chino de autom\u00f3viles SAIC (Shanghai Automotive Industry Corporation) construir\u00e1 en Ferrol, en la comunidad aut\u00f3noma de Galicia (Espa\u00f1a), su primera planta de fabricaci\u00f3n de veh\u00edculos el\u00e9ctricos en Europa. El presidente de la Xunta de Galicia, Alfonso Rueda, anunci\u00f3 el proyecto a principios de junio. Seg\u00fan sus declaraciones, la inversi\u00f3n inicial ascender\u00e1 a 200 [...]\" \/>\n<meta property=\"og:url\" content=\"https:\/\/aciiec.org\/zh\/2026\/08\/20\/\u4e2d\u56fd\u4e0a\u6c7d\u96c6\u56e2\u5c06\u5728\u897f\u73ed\u7259\u5efa\u7acb\u5176\u5728\u6b27\u6d32\u7684\u7b2c\u4e00\u5bb6\u7535\/\" \/>\n<meta property=\"og:site_name\" content=\"ACIIEC\" \/>\n<meta property=\"article:published_time\" content=\"2026-08-20T16:02:22+00:00\" \/>\n<meta property=\"og:image\" content=\"https:\/\/aciiec.org\/wp-content\/uploads\/2026\/08\/image-8.jpeg\" \/>\n\t<meta property=\"og:image:width\" content=\"553\" \/>\n\t<meta property=\"og:image:height\" content=\"358\" \/>\n\t<meta property=\"og:image:type\" content=\"image\/jpeg\" \/>\n<meta name=\"author\" content=\"Ina Wang\" \/>\n<meta name=\"twitter:card\" content=\"summary_large_image\" \/>\n<meta name=\"twitter:label1\" content=\"\u4f5c\u8005\" \/>\n\t<meta name=\"twitter:data1\" content=\"Ina Wang\" \/>\n\t<meta name=\"twitter:label2\" content=\"\u9884\u8ba1\u9605\u8bfb\u65f6\u95f4\" \/>\n\t<meta name=\"twitter:data2\" content=\"2 \u5206\" \/>\n<script type=\"application\/ld+json\" class=\"yoast-schema-graph\">{\"@context\":\"https:\\\/\\\/schema.org\",\"@graph\":[{\"@type\":\"Article\",\"@id\":\"https:\\\/\\\/aciiec.org\\\/2026\\\/08\\\/20\\\/el-grupo-chino-saic-construira-en-espana-su-primera-fabrica-de-vehiculos-electricos-en-europa\\\/#article\",\"isPartOf\":{\"@id\":\"https:\\\/\\\/aciiec.org\\\/2026\\\/08\\\/20\\\/el-grupo-chino-saic-construira-en-espana-su-primera-fabrica-de-vehiculos-electricos-en-europa\\\/\"},\"author\":{\"name\":\"Ina Wang\",\"@id\":\"https:\\\/\\\/aciiec.org\\\/#\\\/schema\\\/person\\\/96134fc23b0fc219f6947401bd746e7c\"},\"headline\":\"El grupo chino SAIC construir\u00e1 en Espa\u00f1a su primera f\u00e1brica de veh\u00edculos el\u00e9ctricos en Europa\",\"datePublished\":\"2026-08-20T16:02:22+00:00\",\"mainEntityOfPage\":{\"@id\":\"https:\\\/\\\/aciiec.org\\\/2026\\\/08\\\/20\\\/el-grupo-chino-saic-construira-en-espana-su-primera-fabrica-de-vehiculos-electricos-en-europa\\\/\"},\"wordCount\":411,\"publisher\":{\"@id\":\"https:\\\/\\\/aciiec.org\\\/#organization\"},\"image\":{\"@id\":\"https:\\\/\\\/aciiec.org\\\/2026\\\/08\\\/20\\\/el-grupo-chino-saic-construira-en-espana-su-primera-fabrica-de-vehiculos-electricos-en-europa\\\/#primaryimage\"},\"thumbnailUrl\":\"https:\\\/\\\/aciiec.org\\\/wp-content\\\/uploads\\\/2026\\\/08\\\/image-8.jpeg\",\"keywords\":[\"Inversi\u00f3n\",\"Tecnolog\u00eda\",\"Vehiculo el\u00e9ctrico\"],\"articleSection\":[\"Vehiculo el\u00e9ctrico\"],\"inLanguage\":\"zh-Hans\"},{\"@type\":\"WebPage\",\"@id\":\"https:\\\/\\\/aciiec.org\\\/2026\\\/08\\\/20\\\/el-grupo-chino-saic-construira-en-espana-su-primera-fabrica-de-vehiculos-electricos-en-europa\\\/\",\"url\":\"https:\\\/\\\/aciiec.org\\\/2026\\\/08\\\/20\\\/el-grupo-chino-saic-construira-en-espana-su-primera-fabrica-de-vehiculos-electricos-en-europa\\\/\",\"name\":\"El grupo chino SAIC construir\u00e1 en Espa\u00f1a su primera f\u00e1brica de veh\u00edculos el\u00e9ctricos en Europa - ACIIEC\",\"isPartOf\":{\"@id\":\"https:\\\/\\\/aciiec.org\\\/#website\"},\"primaryImageOfPage\":{\"@id\":\"https:\\\/\\\/aciiec.org\\\/2026\\\/08\\\/20\\\/el-grupo-chino-saic-construira-en-espana-su-primera-fabrica-de-vehiculos-electricos-en-europa\\\/#primaryimage\"},\"image\":{\"@id\":\"https:\\\/\\\/aciiec.org\\\/2026\\\/08\\\/20\\\/el-grupo-chino-saic-construira-en-espana-su-primera-fabrica-de-vehiculos-electricos-en-europa\\\/#primaryimage\"},\"thumbnailUrl\":\"https:\\\/\\\/aciiec.org\\\/wp-content\\\/uploads\\\/2026\\\/08\\\/image-8.jpeg\",\"datePublished\":\"2026-08-20T16:02:22+00:00\",\"breadcrumb\":{\"@id\":\"https:\\\/\\\/aciiec.org\\\/2026\\\/08\\\/20\\\/el-grupo-chino-saic-construira-en-espana-su-primera-fabrica-de-vehiculos-electricos-en-europa\\\/#breadcrumb\"},\"inLanguage\":\"zh-Hans\",\"potentialAction\":[{\"@type\":\"ReadAction\",\"target\":[\"https:\\\/\\\/aciiec.org\\\/2026\\\/08\\\/20\\\/el-grupo-chino-saic-construira-en-espana-su-primera-fabrica-de-vehiculos-electricos-en-europa\\\/\"]}]},{\"@type\":\"ImageObject\",\"inLanguage\":\"zh-Hans\",\"@id\":\"https:\\\/\\\/aciiec.org\\\/2026\\\/08\\\/20\\\/el-grupo-chino-saic-construira-en-espana-su-primera-fabrica-de-vehiculos-electricos-en-europa\\\/#primaryimage\",\"url\":\"https:\\\/\\\/aciiec.org\\\/wp-content\\\/uploads\\\/2026\\\/08\\\/image-8.jpeg\",\"contentUrl\":\"https:\\\/\\\/aciiec.org\\\/wp-content\\\/uploads\\\/2026\\\/08\\\/image-8.jpeg\",\"width\":553,\"height\":358},{\"@type\":\"BreadcrumbList\",\"@id\":\"https:\\\/\\\/aciiec.org\\\/2026\\\/08\\\/20\\\/el-grupo-chino-saic-construira-en-espana-su-primera-fabrica-de-vehiculos-electricos-en-europa\\\/#breadcrumb\",\"itemListElement\":[{\"@type\":\"ListItem\",\"position\":1,\"name\":\"Portada\",\"item\":\"https:\\\/\\\/aciiec.org\\\/\"},{\"@type\":\"ListItem\",\"position\":2,\"name\":\"El grupo chino SAIC construir\u00e1 en Espa\u00f1a su primera f\u00e1brica de veh\u00edculos el\u00e9ctricos en Europa\"}]},{\"@type\":\"WebSite\",\"@id\":\"https:\\\/\\\/aciiec.org\\\/#website\",\"url\":\"https:\\\/\\\/aciiec.org\\\/\",\"name\":\"ACIIEC\",\"description\":\"Asociaci\u00f3n para la Cooperaci\u00f3n Industrial y de Ingenier\u00eda Espa\u00f1a-China\",\"publisher\":{\"@id\":\"https:\\\/\\\/aciiec.org\\\/#organization\"},\"potentialAction\":[{\"@type\":\"SearchAction\",\"target\":{\"@type\":\"EntryPoint\",\"urlTemplate\":\"https:\\\/\\\/aciiec.org\\\/?s={search_term_string}\"},\"query-input\":{\"@type\":\"PropertyValueSpecification\",\"valueRequired\":true,\"valueName\":\"search_term_string\"}}],\"inLanguage\":\"zh-Hans\"},{\"@type\":\"Organization\",\"@id\":\"https:\\\/\\\/aciiec.org\\\/#organization\",\"name\":\"ACIIEC\",\"url\":\"https:\\\/\\\/aciiec.org\\\/\",\"logo\":{\"@type\":\"ImageObject\",\"inLanguage\":\"zh-Hans\",\"@id\":\"https:\\\/\\\/aciiec.org\\\/#\\\/schema\\\/logo\\\/image\\\/\",\"url\":\"https:\\\/\\\/aciiec.org\\\/wp-content\\\/uploads\\\/2026\\\/05\\\/aciiec.png\",\"contentUrl\":\"https:\\\/\\\/aciiec.org\\\/wp-content\\\/uploads\\\/2026\\\/05\\\/aciiec.png\",\"width\":832,\"height\":300,\"caption\":\"ACIIEC\"},\"image\":{\"@id\":\"https:\\\/\\\/aciiec.org\\\/#\\\/schema\\\/logo\\\/image\\\/\"},\"sameAs\":[\"https:\\\/\\\/www.linkedin.com\\\/company\\\/aciiec-asociacin-para-la-cooperacin-industrial-y-de-ingeniera-espaa-china\"]},{\"@type\":\"Person\",\"@id\":\"https:\\\/\\\/aciiec.org\\\/#\\\/schema\\\/person\\\/96134fc23b0fc219f6947401bd746e7c\",\"name\":\"Ina Wang\",\"image\":{\"@type\":\"ImageObject\",\"inLanguage\":\"zh-Hans\",\"@id\":\"https:\\\/\\\/secure.gravatar.com\\\/avatar\\\/608ebb36afb0d638dff9f1a412da339dec9a4878e2c966f75c4573297d1708aa?s=96&d=mm&r=g\",\"url\":\"https:\\\/\\\/secure.gravatar.com\\\/avatar\\\/608ebb36afb0d638dff9f1a412da339dec9a4878e2c966f75c4573297d1708aa?s=96&d=mm&r=g\",\"contentUrl\":\"https:\\\/\\\/secure.gravatar.com\\\/avatar\\\/608ebb36afb0d638dff9f1a412da339dec9a4878e2c966f75c4573297d1708aa?s=96&d=mm&r=g\",\"caption\":\"Ina Wang\"},\"url\":\"https:\\\/\\\/aciiec.org\\\/zh\\\/author\\\/ina_wang\\\/\"}]}<\/script>\n<!-- \/ Yoast SEO plugin. -->","yoast_head_json":{"title":"\u4e2d\u56fd\u4e0a\u6c7d\u96c6\u56e2\u5c06\u5728\u897f\u73ed\u7259\u5efa\u7acb\u5176\u5728\u6b27\u6d32\u7684\u7b2c\u4e00\u5bb6\u7535\u52a8\u6c7d\u8f66\u5de5\u5382 - ACIIEC","robots":{"index":"index","follow":"follow","max-snippet":"max-snippet:-1","max-image-preview":"max-image-preview:large","max-video-preview":"max-video-preview:-1"},"canonical":"https:\/\/aciiec.org\/zh\/2026\/08\/20\/\u4e2d\u56fd\u4e0a\u6c7d\u96c6\u56e2\u5c06\u5728\u897f\u73ed\u7259\u5efa\u7acb\u5176\u5728\u6b27\u6d32\u7684\u7b2c\u4e00\u5bb6\u7535\/","og_locale":"zh_CN","og_type":"article","og_title":"El grupo chino SAIC construir\u00e1 en Espa\u00f1a su primera f\u00e1brica de veh\u00edculos el\u00e9ctricos en Europa - ACIIEC","og_description":"El fabricante chino de autom\u00f3viles SAIC (Shanghai Automotive Industry Corporation) construir\u00e1 en Ferrol, en la comunidad aut\u00f3noma de Galicia (Espa\u00f1a), su primera planta de fabricaci\u00f3n de veh\u00edculos el\u00e9ctricos en Europa. El presidente de la Xunta de Galicia, Alfonso Rueda, anunci\u00f3 el proyecto a principios de junio. Seg\u00fan sus declaraciones, la inversi\u00f3n inicial ascender\u00e1 a 200 [...]","og_url":"https:\/\/aciiec.org\/zh\/2026\/08\/20\/\u4e2d\u56fd\u4e0a\u6c7d\u96c6\u56e2\u5c06\u5728\u897f\u73ed\u7259\u5efa\u7acb\u5176\u5728\u6b27\u6d32\u7684\u7b2c\u4e00\u5bb6\u7535\/","og_site_name":"ACIIEC","article_published_time":"2026-08-20T16:02:22+00:00","og_image":[{"width":553,"height":358,"url":"https:\/\/aciiec.org\/wp-content\/uploads\/2026\/08\/image-8.jpeg","type":"image\/jpeg"}],"author":"Ina Wang","twitter_card":"summary_large_image","twitter_misc":{"\u4f5c\u8005":"Ina Wang","\u9884\u8ba1\u9605\u8bfb\u65f6\u95f4":"2 \u5206"},"schema":{"@context":"https:\/\/schema.org","@graph":[{"@type":"Article","@id":"https:\/\/aciiec.org\/2026\/08\/20\/el-grupo-chino-saic-construira-en-espana-su-primera-fabrica-de-vehiculos-electricos-en-europa\/#article","isPartOf":{"@id":"https:\/\/aciiec.org\/2026\/08\/20\/el-grupo-chino-saic-construira-en-espana-su-primera-fabrica-de-vehiculos-electricos-en-europa\/"},"author":{"name":"Ina Wang","@id":"https:\/\/aciiec.org\/#\/schema\/person\/96134fc23b0fc219f6947401bd746e7c"},"headline":"El grupo chino SAIC construir\u00e1 en Espa\u00f1a su primera f\u00e1brica de veh\u00edculos el\u00e9ctricos en Europa","datePublished":"2026-08-20T16:02:22+00:00","mainEntityOfPage":{"@id":"https:\/\/aciiec.org\/2026\/08\/20\/el-grupo-chino-saic-construira-en-espana-su-primera-fabrica-de-vehiculos-electricos-en-europa\/"},"wordCount":411,"publisher":{"@id":"https:\/\/aciiec.org\/#organization"},"image":{"@id":"https:\/\/aciiec.org\/2026\/08\/20\/el-grupo-chino-saic-construira-en-espana-su-primera-fabrica-de-vehiculos-electricos-en-europa\/#primaryimage"},"thumbnailUrl":"https:\/\/aciiec.org\/wp-content\/uploads\/2026\/08\/image-8.jpeg","keywords":["Inversi\u00f3n","Tecnolog\u00eda","Vehiculo el\u00e9ctrico"],"articleSection":["Vehiculo el\u00e9ctrico"],"inLanguage":"zh-Hans"},{"@type":"WebPage","@id":"https:\/\/aciiec.org\/2026\/08\/20\/el-grupo-chino-saic-construira-en-espana-su-primera-fabrica-de-vehiculos-electricos-en-europa\/","url":"https:\/\/aciiec.org\/2026\/08\/20\/el-grupo-chino-saic-construira-en-espana-su-primera-fabrica-de-vehiculos-electricos-en-europa\/","name":"\u4e2d\u56fd\u4e0a\u6c7d\u96c6\u56e2\u5c06\u5728\u897f\u73ed\u7259\u5efa\u7acb\u5176\u5728\u6b27\u6d32\u7684\u7b2c\u4e00\u5bb6\u7535\u52a8\u6c7d\u8f66\u5de5\u5382 - ACIIEC","isPartOf":{"@id":"https:\/\/aciiec.org\/#website"},"primaryImageOfPage":{"@id":"https:\/\/aciiec.org\/2026\/08\/20\/el-grupo-chino-saic-construira-en-espana-su-primera-fabrica-de-vehiculos-electricos-en-europa\/#primaryimage"},"image":{"@id":"https:\/\/aciiec.org\/2026\/08\/20\/el-grupo-chino-saic-construira-en-espana-su-primera-fabrica-de-vehiculos-electricos-en-europa\/#primaryimage"},"thumbnailUrl":"https:\/\/aciiec.org\/wp-content\/uploads\/2026\/08\/image-8.jpeg","datePublished":"2026-08-20T16:02:22+00:00","breadcrumb":{"@id":"https:\/\/aciiec.org\/2026\/08\/20\/el-grupo-chino-saic-construira-en-espana-su-primera-fabrica-de-vehiculos-electricos-en-europa\/#breadcrumb"},"inLanguage":"zh-Hans","potentialAction":[{"@type":"ReadAction","target":["https:\/\/aciiec.org\/2026\/08\/20\/el-grupo-chino-saic-construira-en-espana-su-primera-fabrica-de-vehiculos-electricos-en-europa\/"]}]},{"@type":"ImageObject","inLanguage":"zh-Hans","@id":"https:\/\/aciiec.org\/2026\/08\/20\/el-grupo-chino-saic-construira-en-espana-su-primera-fabrica-de-vehiculos-electricos-en-europa\/#primaryimage","url":"https:\/\/aciiec.org\/wp-content\/uploads\/2026\/08\/image-8.jpeg","contentUrl":"https:\/\/aciiec.org\/wp-content\/uploads\/2026\/08\/image-8.jpeg","width":553,"height":358},{"@type":"BreadcrumbList","@id":"https:\/\/aciiec.org\/2026\/08\/20\/el-grupo-chino-saic-construira-en-espana-su-primera-fabrica-de-vehiculos-electricos-en-europa\/#breadcrumb","itemListElement":[{"@type":"ListItem","position":1,"name":"Portada","item":"https:\/\/aciiec.org\/"},{"@type":"ListItem","position":2,"name":"El grupo chino SAIC construir\u00e1 en Espa\u00f1a su primera f\u00e1brica de veh\u00edculos el\u00e9ctricos en Europa"}]},{"@type":"WebSite","@id":"https:\/\/aciiec.org\/#website","url":"https:\/\/aciiec.org\/","name":"ACIIEC","description":"\u897f\u73ed\u7259-\u4e2d\u56fd\u5de5\u4e1a\u4e0e\u5de5\u7a0b\u5408\u4f5c\u534f\u4f1a","publisher":{"@id":"https:\/\/aciiec.org\/#organization"},"potentialAction":[{"@type":"SearchAction","target":{"@type":"EntryPoint","urlTemplate":"https:\/\/aciiec.org\/?s={search_term_string}"},"query-input":{"@type":"PropertyValueSpecification","valueRequired":true,"valueName":"search_term_string"}}],"inLanguage":"zh-Hans"},{"@type":"Organization","@id":"https:\/\/aciiec.org\/#organization","name":"ACIIEC","url":"https:\/\/aciiec.org\/","logo":{"@type":"ImageObject","inLanguage":"zh-Hans","@id":"https:\/\/aciiec.org\/#\/schema\/logo\/image\/","url":"https:\/\/aciiec.org\/wp-content\/uploads\/2026\/05\/aciiec.png","contentUrl":"https:\/\/aciiec.org\/wp-content\/uploads\/2026\/05\/aciiec.png","width":832,"height":300,"caption":"ACIIEC"},"image":{"@id":"https:\/\/aciiec.org\/#\/schema\/logo\/image\/"},"sameAs":["https:\/\/www.linkedin.com\/company\/aciiec-asociacin-para-la-cooperacin-industrial-y-de-ingeniera-espaa-china"]},{"@type":"Person","@id":"https:\/\/aciiec.org\/#\/schema\/person\/96134fc23b0fc219f6947401bd746e7c","name":"\u738b\u4f0a\u5a1c","image":{"@type":"ImageObject","inLanguage":"zh-Hans","@id":"https:\/\/secure.gravatar.com\/avatar\/608ebb36afb0d638dff9f1a412da339dec9a4878e2c966f75c4573297d1708aa?s=96&d=mm&r=g","url":"https:\/\/secure.gravatar.com\/avatar\/608ebb36afb0d638dff9f1a412da339dec9a4878e2c966f75c4573297d1708aa?s=96&d=mm&r=g","contentUrl":"https:\/\/secure.gravatar.com\/avatar\/608ebb36afb0d638dff9f1a412da339dec9a4878e2c966f75c4573297d1708aa?s=96&d=mm&r=g","caption":"Ina Wang"},"url":"https:\/\/aciiec.org\/zh\/author\/ina_wang\/"}]}},"_links":{"self":[{"href":"https:\/\/aciiec.org\/zh\/wp-json\/wp\/v2\/posts\/863","targetHints":{"allow":["GET"]}}],"collection":[{"href":"https:\/\/aciiec.org\/zh\/wp-json\/wp\/v2\/posts"}],"about":[{"href":"https:\/\/aciiec.org\/zh\/wp-json\/wp\/v2\/types\/post"}],"author":[{"embeddable":true,"href":"https:\/\/aciiec.org\/zh\/wp-json\/wp\/v2\/users\/2"}],"replies":[{"embeddable":true,"href":"https:\/\/aciiec.org\/zh\/wp-json\/wp\/v2\/comments?post=863"}],"version-history":[{"count":1,"href":"https:\/\/aciiec.org\/zh\/wp-json\/wp\/v2\/posts\/863\/revisions"}],"predecessor-version":[{"id":865,"href":"https:\/\/aciiec.org\/zh\/wp-json\/wp\/v2\/posts\/863\/revisions\/865"}],"wp:featuredmedia":[{"embeddable":true,"href":"https:\/\/aciiec.org\/zh\/wp-json\/wp\/v2\/media\/864"}],"wp:attachment":[{"href":"https:\/\/aciiec.org\/zh\/wp-json\/wp\/v2\/media?parent=863"}],"wp:term":[{"taxonomy":"category","embeddable":true,"href":"https:\/\/aciiec.org\/zh\/wp-json\/wp\/v2\/categories?post=863"},{"taxonomy":"post_tag","embeddable":true,"href":"https:\/\/aciiec.org\/zh\/wp-json\/wp\/v2\/tags?post=863"}],"curies":[{"name":"wp","href":"https:\/\/api.w.org\/{rel}","templated":true}]}}