{"id":803,"date":"2026-08-11T22:32:18","date_gmt":"2026-08-11T22:32:18","guid":{"rendered":"https:\/\/aciiec.org\/?p=803"},"modified":"2026-08-11T22:48:45","modified_gmt":"2026-08-11T22:48:45","slug":"%e8%bf%9e%e6%8e%a5%e4%b8%96%e7%95%8c%e4%b8%a8%e8%a5%bf%e7%8f%ad%e7%89%99%e7%ba%b3%e7%93%a6%e6%8b%89%e5%a4%a7%e5%8c%ba%e4%bb%a3%e8%a1%a8%e6%90%ba%e6%89%8b%e4%b8%ad%e5%9b%bd%e4%b8%8e%e6%ac%a7%e6%b4%b2","status":"publish","type":"post","link":"https:\/\/aciiec.org\/zh\/2026\/08\/11\/conectando-el-mundo%e4%b8%a8representante-de-navarra-espana-europa-y-china-de-la-mano-en-el-ambito-de-la-transicion-verde-crean-un-ejemplo-de-cooperacion-en-la-cadena-industrial\/","title":{"rendered":"\u00ab\u8fde\u63a5\u4e16\u754c\u00bb\u4e28\u897f\u73ed\u7259\u7eb3\u74e6\u62c9\u4ee3\u8868\uff1a\u6b27\u6d32\u4e0e\u4e2d\u56fd\u643a\u624b\u7eff\u8272\u8f6c\u578b\uff0c\u6811\u7acb\u4ea7\u4e1a\u94fe\u5408\u4f5c\u5178\u8303"},"content":{"rendered":"<p class=\"wp-block-paragraph\">6\u670822\u65e5\u81f326\u65e5\uff0c\u7b2c\u56db\u5c4a\u4e2d\u56fd\u56fd\u9645\u4f9b\u5e94\u94fe\u4fc3\u8fdb\u535a\u89c8\u4f1a\uff08\u94fe\u535a\u4f1a\uff09\u5728\u5317\u4eac\u4e3e\u884c\u3002\u672c\u5c4a\u94fe\u535a\u4f1a\u4ee5\u00ab\u94fe\u63a5\u4e16\u754c\uff0c\u5171\u521b\u672a\u6765\u00bb\u4e3a\u4e3b\u9898\uff0c\u6c47\u805a\u4e86\u6765\u81ea85\u4e2a\u56fd\u5bb6\u548c\u5730\u533a\u7684676\u5bb6\u5404\u4ea7\u4e1a\u94fe\u9f99\u5934\u4f01\u4e1a\u3001\u4e13\u7cbe\u7279\u65b0\u4f01\u4e1a\u53ca\u884c\u4e1a\u673a\u6784\uff0c\u6210\u4e3a\u4e86\u5168\u7403\u5546\u754c\u77a9\u76ee\u7684\u7126\u70b9\u3002.<\/p>\n\n\n\n<p class=\"wp-block-paragraph\">\u897f\u73ed\u7259\u7eb3\u74e6\u62c9\u5927\u533a\u653f\u5e9c\u5de5\u4e1a\u4e0e\u751f\u6001\u53ca\u6570\u5b57\u8f6c\u578b\u90e8\u90e8\u957f\u7c73\u514b\u5c14\u00b7\u4f0a\u9c81\u970d\uff08Mikel Irujo\uff09\u5728\u63a5\u53d7\u56fd\u9645\u5728\u7ebf\u8bb0\u8005\u7684\u72ec\u5bb6\u4e13\u8bbf\u65f6\u8868\u793a\uff0c\u4ed6\u7387\u9886\u7684\u4ee3\u8868\u56e2\u6db5\u76d6\u4e86\u7eb3\u74e6\u62c9\u51e0\u4e4e\u6574\u4e2a\u5de5\u4e1a\u9886\u57df\uff0c\u5305\u62ec\u5efa\u7b51\u3001\u6c7d\u8f66\u548c\u751f\u7269\u533b\u836f\u7b49\u591a\u5143\u5316\u884c\u4e1a\u3002.<\/p>\n\n\n\n<p class=\"wp-block-paragraph\">\u59d4\u5458\u8868\u793a\uff0c\u7eb3\u74e6\u62c9\u5e0c\u671b\u501f\u52a9\u94fe\u535a\u4f1a\uff08CISCE\uff09\u63d0\u4f9b\u7684\u5b9d\u8d35\u5951\u673a\uff0c\u8fdb\u4e00\u6b65\u63a8\u52a8\u5f53\u5730\u4f01\u4e1a\u4e0e\u4e2d\u56fd\u4f01\u4e1a\u4e4b\u95f4\u7684\u52a1\u5b9e\u5408\u4f5c\uff0c\u4ece\u800c\u5b9e\u73b0\u5171\u540c\u53d1\u5c55\u3002\u4ed6\u6307\u51fa\uff0c\u4e2d\u56fd\u7684\u53d1\u5c55\u901f\u5ea6\u4ee4\u4eba\u60ca\u53f9\uff0c\u5728\u90a3\u91cc\u53ef\u4ee5\u611f\u53d7\u5230\u65e0\u9650\u7684\u53d1\u5c55\u6f5c\u529b\u3002\u6b27\u6d32\u5e0c\u671b\u4e0e\u4e2d\u56fd\u5728\u4ea7\u4e1a\u94fe\u548c\u4f9b\u5e94\u94fe\u65b9\u9762\u4fdd\u6301\u7a33\u5b9a\u5408\u4f5c\uff0c\u4f18\u52bf\u4e92\u8865\uff0c\u4ee5\u4fc3\u8fdb\u5f53\u5730\u4f01\u4e1a\u7684\u53d1\u5c55\u3002.<\/p>\n\n\n\n<p class=\"wp-block-paragraph\"><\/p>\n\n\n\n<figure class=\"wp-block-video\"><video height=\"576\" style=\"aspect-ratio: 1024 \/ 576;\" width=\"1024\" controls src=\"https:\/\/aciiec.org\/wp-content\/uploads\/2026\/08\/cisce_video.mp4\"><\/video><\/figure>\n\n\n\n<p class=\"has-text-align-center wp-block-paragraph\">\u6765\u6e90\uff1a\u56fd\u9645\u5728\u7ebf\u5e7f\u64ad\u7f51<\/p>\n\n\n\n<p class=\"wp-block-paragraph\"><\/p>","protected":false},"excerpt":{"rendered":"<p>Del 22 al 26 de junio, se celebr\u00f3 en Beijing la 4\u00aa Exposici\u00f3n Internacional de Cadenas de Suministro de China (CISCE). Bajo el lema \u00abConectando el mundo, creando un futuro compartido\u00bb, esta edici\u00f3n ha reunido a 676 empresas l\u00edderes en sus respectivas cadenas industriales, empresas especializadas y de nueva tecnolog\u00eda, as\u00ed como instituciones del sector, [&#8230;]\n","protected":false},"author":2,"featured_media":808,"comment_status":"closed","ping_status":"open","sticky":false,"template":"","format":"standard","meta":{"footnotes":""},"categories":[97,101],"tags":[21,108],"class_list":["post-803","post","type-post","status-publish","format-standard","has-post-thumbnail","hentry","category-conferencias","category-cooperacion","tag-colaboracion_hispano-china","tag-navarra"],"yoast_head":"<!-- This site is optimized with the Yoast SEO plugin v28.3 - https:\/\/yoast.com\/product\/yoast-seo-wordpress\/ -->\n<title>&quot;Conectando el mundo&quot;\u4e28Representante de Navarra (Espa\u00f1a): Europa y China, de la mano en el \u00e1mbito de la transici\u00f3n verde, crean un ejemplo de cooperaci\u00f3n en la cadena industrial - ACIIEC<\/title>\n<meta name=\"robots\" content=\"index, follow, max-snippet:-1, max-image-preview:large, max-video-preview:-1\" \/>\n<link rel=\"canonical\" href=\"https:\/\/aciiec.org\/zh\/2026\/08\/11\/\u8fde\u63a5\u4e16\u754c\u4e28\u897f\u73ed\u7259\u7eb3\u74e6\u62c9\u5927\u533a\u4ee3\u8868\u643a\u624b\u4e2d\u56fd\u4e0e\u6b27\u6d32\/\" \/>\n<meta property=\"og:locale\" content=\"zh_CN\" \/>\n<meta property=\"og:type\" content=\"article\" \/>\n<meta property=\"og:title\" content=\"&quot;Conectando el mundo&quot;\u4e28Representante de Navarra (Espa\u00f1a): Europa y China, de la mano en el \u00e1mbito de la transici\u00f3n verde, crean un ejemplo de cooperaci\u00f3n en la cadena industrial - ACIIEC\" \/>\n<meta property=\"og:description\" content=\"Del 22 al 26 de junio, se celebr\u00f3 en Beijing la 4\u00aa Exposici\u00f3n Internacional de Cadenas de Suministro de China (CISCE). Bajo el lema \u00abConectando el mundo, creando un futuro compartido\u00bb, esta edici\u00f3n ha reunido a 676 empresas l\u00edderes en sus respectivas cadenas industriales, empresas especializadas y de nueva tecnolog\u00eda, as\u00ed como instituciones del sector, [...]\" \/>\n<meta property=\"og:url\" content=\"https:\/\/aciiec.org\/zh\/2026\/08\/11\/\u8fde\u63a5\u4e16\u754c\u4e28\u897f\u73ed\u7259\u7eb3\u74e6\u62c9\u5927\u533a\u4ee3\u8868\u643a\u624b\u4e2d\u56fd\u4e0e\u6b27\u6d32\/\" \/>\n<meta property=\"og:site_name\" content=\"ACIIEC\" \/>\n<meta property=\"article:published_time\" content=\"2026-08-11T22:32:18+00:00\" \/>\n<meta property=\"article:modified_time\" content=\"2026-08-11T22:48:45+00:00\" \/>\n<meta property=\"og:image\" content=\"https:\/\/aciiec.org\/wp-content\/uploads\/2026\/08\/cisce_interview.png\" \/>\n\t<meta property=\"og:image:width\" content=\"662\" \/>\n\t<meta property=\"og:image:height\" content=\"379\" \/>\n\t<meta property=\"og:image:type\" content=\"image\/png\" \/>\n<meta name=\"author\" content=\"Ina Wang\" \/>\n<meta name=\"twitter:card\" content=\"summary_large_image\" \/>\n<meta name=\"twitter:label1\" content=\"\u4f5c\u8005\" \/>\n\t<meta name=\"twitter:data1\" content=\"Ina Wang\" \/>\n\t<meta name=\"twitter:label2\" content=\"\u9884\u8ba1\u9605\u8bfb\u65f6\u95f4\" \/>\n\t<meta name=\"twitter:data2\" content=\"1 \u5206\" \/>\n<script type=\"application\/ld+json\" class=\"yoast-schema-graph\">{\"@context\":\"https:\\\/\\\/schema.org\",\"@graph\":[{\"@type\":\"Article\",\"@id\":\"https:\\\/\\\/aciiec.org\\\/2026\\\/08\\\/11\\\/conectando-el-mundo%e4%b8%a8representante-de-navarra-espana-europa-y-china-de-la-mano-en-el-ambito-de-la-transicion-verde-crean-un-ejemplo-de-cooperacion-en-la-cadena-industrial\\\/#article\",\"isPartOf\":{\"@id\":\"https:\\\/\\\/aciiec.org\\\/2026\\\/08\\\/11\\\/conectando-el-mundo%e4%b8%a8representante-de-navarra-espana-europa-y-china-de-la-mano-en-el-ambito-de-la-transicion-verde-crean-un-ejemplo-de-cooperacion-en-la-cadena-industrial\\\/\"},\"author\":{\"name\":\"Ina Wang\",\"@id\":\"https:\\\/\\\/aciiec.org\\\/#\\\/schema\\\/person\\\/96134fc23b0fc219f6947401bd746e7c\"},\"headline\":\"\u00abConectando el mundo\u00bb\u4e28Representante de Navarra (Espa\u00f1a): Europa y China, de la mano en el \u00e1mbito de la transici\u00f3n verde, crean un ejemplo de cooperaci\u00f3n en la cadena industrial\",\"datePublished\":\"2026-08-11T22:32:18+00:00\",\"dateModified\":\"2026-08-11T22:48:45+00:00\",\"mainEntityOfPage\":{\"@id\":\"https:\\\/\\\/aciiec.org\\\/2026\\\/08\\\/11\\\/conectando-el-mundo%e4%b8%a8representante-de-navarra-espana-europa-y-china-de-la-mano-en-el-ambito-de-la-transicion-verde-crean-un-ejemplo-de-cooperacion-en-la-cadena-industrial\\\/\"},\"wordCount\":257,\"publisher\":{\"@id\":\"https:\\\/\\\/aciiec.org\\\/#organization\"},\"image\":{\"@id\":\"https:\\\/\\\/aciiec.org\\\/2026\\\/08\\\/11\\\/conectando-el-mundo%e4%b8%a8representante-de-navarra-espana-europa-y-china-de-la-mano-en-el-ambito-de-la-transicion-verde-crean-un-ejemplo-de-cooperacion-en-la-cadena-industrial\\\/#primaryimage\"},\"thumbnailUrl\":\"https:\\\/\\\/aciiec.org\\\/wp-content\\\/uploads\\\/2026\\\/08\\\/cisce_interview.png\",\"keywords\":[\"Colaboraci\u00f3n Hispano-China\",\"Navarra\"],\"articleSection\":[\"Conferencias\",\"Cooperaci\u00f3n\"],\"inLanguage\":\"zh-Hans\"},{\"@type\":\"WebPage\",\"@id\":\"https:\\\/\\\/aciiec.org\\\/2026\\\/08\\\/11\\\/conectando-el-mundo%e4%b8%a8representante-de-navarra-espana-europa-y-china-de-la-mano-en-el-ambito-de-la-transicion-verde-crean-un-ejemplo-de-cooperacion-en-la-cadena-industrial\\\/\",\"url\":\"https:\\\/\\\/aciiec.org\\\/2026\\\/08\\\/11\\\/conectando-el-mundo%e4%b8%a8representante-de-navarra-espana-europa-y-china-de-la-mano-en-el-ambito-de-la-transicion-verde-crean-un-ejemplo-de-cooperacion-en-la-cadena-industrial\\\/\",\"name\":\"\\\"Conectando el mundo\\\"\u4e28Representante de Navarra (Espa\u00f1a): Europa y China, de la mano en el \u00e1mbito de la transici\u00f3n verde, crean un ejemplo de cooperaci\u00f3n en la cadena industrial - ACIIEC\",\"isPartOf\":{\"@id\":\"https:\\\/\\\/aciiec.org\\\/#website\"},\"primaryImageOfPage\":{\"@id\":\"https:\\\/\\\/aciiec.org\\\/2026\\\/08\\\/11\\\/conectando-el-mundo%e4%b8%a8representante-de-navarra-espana-europa-y-china-de-la-mano-en-el-ambito-de-la-transicion-verde-crean-un-ejemplo-de-cooperacion-en-la-cadena-industrial\\\/#primaryimage\"},\"image\":{\"@id\":\"https:\\\/\\\/aciiec.org\\\/2026\\\/08\\\/11\\\/conectando-el-mundo%e4%b8%a8representante-de-navarra-espana-europa-y-china-de-la-mano-en-el-ambito-de-la-transicion-verde-crean-un-ejemplo-de-cooperacion-en-la-cadena-industrial\\\/#primaryimage\"},\"thumbnailUrl\":\"https:\\\/\\\/aciiec.org\\\/wp-content\\\/uploads\\\/2026\\\/08\\\/cisce_interview.png\",\"datePublished\":\"2026-08-11T22:32:18+00:00\",\"dateModified\":\"2026-08-11T22:48:45+00:00\",\"breadcrumb\":{\"@id\":\"https:\\\/\\\/aciiec.org\\\/2026\\\/08\\\/11\\\/conectando-el-mundo%e4%b8%a8representante-de-navarra-espana-europa-y-china-de-la-mano-en-el-ambito-de-la-transicion-verde-crean-un-ejemplo-de-cooperacion-en-la-cadena-industrial\\\/#breadcrumb\"},\"inLanguage\":\"zh-Hans\",\"potentialAction\":[{\"@type\":\"ReadAction\",\"target\":[\"https:\\\/\\\/aciiec.org\\\/2026\\\/08\\\/11\\\/conectando-el-mundo%e4%b8%a8representante-de-navarra-espana-europa-y-china-de-la-mano-en-el-ambito-de-la-transicion-verde-crean-un-ejemplo-de-cooperacion-en-la-cadena-industrial\\\/\"]}]},{\"@type\":\"ImageObject\",\"inLanguage\":\"zh-Hans\",\"@id\":\"https:\\\/\\\/aciiec.org\\\/2026\\\/08\\\/11\\\/conectando-el-mundo%e4%b8%a8representante-de-navarra-espana-europa-y-china-de-la-mano-en-el-ambito-de-la-transicion-verde-crean-un-ejemplo-de-cooperacion-en-la-cadena-industrial\\\/#primaryimage\",\"url\":\"https:\\\/\\\/aciiec.org\\\/wp-content\\\/uploads\\\/2026\\\/08\\\/cisce_interview.png\",\"contentUrl\":\"https:\\\/\\\/aciiec.org\\\/wp-content\\\/uploads\\\/2026\\\/08\\\/cisce_interview.png\",\"width\":662,\"height\":379},{\"@type\":\"BreadcrumbList\",\"@id\":\"https:\\\/\\\/aciiec.org\\\/2026\\\/08\\\/11\\\/conectando-el-mundo%e4%b8%a8representante-de-navarra-espana-europa-y-china-de-la-mano-en-el-ambito-de-la-transicion-verde-crean-un-ejemplo-de-cooperacion-en-la-cadena-industrial\\\/#breadcrumb\",\"itemListElement\":[{\"@type\":\"ListItem\",\"position\":1,\"name\":\"Portada\",\"item\":\"https:\\\/\\\/aciiec.org\\\/\"},{\"@type\":\"ListItem\",\"position\":2,\"name\":\"\u00abConectando el mundo\u00bb\u4e28Representante de Navarra (Espa\u00f1a): Europa y China, de la mano en el \u00e1mbito de la transici\u00f3n verde, crean un ejemplo de cooperaci\u00f3n en la cadena industrial\"}]},{\"@type\":\"WebSite\",\"@id\":\"https:\\\/\\\/aciiec.org\\\/#website\",\"url\":\"https:\\\/\\\/aciiec.org\\\/\",\"name\":\"ACIIEC\",\"description\":\"Asociaci\u00f3n para la Cooperaci\u00f3n Industrial y de Ingenier\u00eda Espa\u00f1a-China\",\"publisher\":{\"@id\":\"https:\\\/\\\/aciiec.org\\\/#organization\"},\"potentialAction\":[{\"@type\":\"SearchAction\",\"target\":{\"@type\":\"EntryPoint\",\"urlTemplate\":\"https:\\\/\\\/aciiec.org\\\/?s={search_term_string}\"},\"query-input\":{\"@type\":\"PropertyValueSpecification\",\"valueRequired\":true,\"valueName\":\"search_term_string\"}}],\"inLanguage\":\"zh-Hans\"},{\"@type\":\"Organization\",\"@id\":\"https:\\\/\\\/aciiec.org\\\/#organization\",\"name\":\"ACIIEC\",\"url\":\"https:\\\/\\\/aciiec.org\\\/\",\"logo\":{\"@type\":\"ImageObject\",\"inLanguage\":\"zh-Hans\",\"@id\":\"https:\\\/\\\/aciiec.org\\\/#\\\/schema\\\/logo\\\/image\\\/\",\"url\":\"https:\\\/\\\/aciiec.org\\\/wp-content\\\/uploads\\\/2026\\\/05\\\/aciiec.png\",\"contentUrl\":\"https:\\\/\\\/aciiec.org\\\/wp-content\\\/uploads\\\/2026\\\/05\\\/aciiec.png\",\"width\":832,\"height\":300,\"caption\":\"ACIIEC\"},\"image\":{\"@id\":\"https:\\\/\\\/aciiec.org\\\/#\\\/schema\\\/logo\\\/image\\\/\"},\"sameAs\":[\"https:\\\/\\\/www.linkedin.com\\\/company\\\/aciiec-asociacin-para-la-cooperacin-industrial-y-de-ingeniera-espaa-china\"]},{\"@type\":\"Person\",\"@id\":\"https:\\\/\\\/aciiec.org\\\/#\\\/schema\\\/person\\\/96134fc23b0fc219f6947401bd746e7c\",\"name\":\"Ina Wang\",\"image\":{\"@type\":\"ImageObject\",\"inLanguage\":\"zh-Hans\",\"@id\":\"https:\\\/\\\/secure.gravatar.com\\\/avatar\\\/608ebb36afb0d638dff9f1a412da339dec9a4878e2c966f75c4573297d1708aa?s=96&d=mm&r=g\",\"url\":\"https:\\\/\\\/secure.gravatar.com\\\/avatar\\\/608ebb36afb0d638dff9f1a412da339dec9a4878e2c966f75c4573297d1708aa?s=96&d=mm&r=g\",\"contentUrl\":\"https:\\\/\\\/secure.gravatar.com\\\/avatar\\\/608ebb36afb0d638dff9f1a412da339dec9a4878e2c966f75c4573297d1708aa?s=96&d=mm&r=g\",\"caption\":\"Ina Wang\"},\"url\":\"https:\\\/\\\/aciiec.org\\\/zh\\\/author\\\/ina_wang\\\/\"}]}<\/script>\n<!-- \/ Yoast SEO plugin. -->","yoast_head_json":{"title":"\"\u8fde\u63a5\u4e16\u754c\"\u4e28\u897f\u73ed\u7259\u7eb3\u74e6\u62c9\u4ee3\u8868\uff1a\u6b27\u6d32\u4e0e\u4e2d\u56fd\u643a\u624b\u7eff\u8272\u8f6c\u578b\uff0c\u6811\u7acb\u4ea7\u4e1a\u94fe\u5408\u4f5c\u5178\u8303\u2014\u2014ACIIEC","robots":{"index":"index","follow":"follow","max-snippet":"max-snippet:-1","max-image-preview":"max-image-preview:large","max-video-preview":"max-video-preview:-1"},"canonical":"https:\/\/aciiec.org\/zh\/2026\/08\/11\/\u8fde\u63a5\u4e16\u754c\u4e28\u897f\u73ed\u7259\u7eb3\u74e6\u62c9\u5927\u533a\u4ee3\u8868\u643a\u624b\u4e2d\u56fd\u4e0e\u6b27\u6d32\/","og_locale":"zh_CN","og_type":"article","og_title":"\"Conectando el mundo\"\u4e28Representante de Navarra (Espa\u00f1a): Europa y China, de la mano en el \u00e1mbito de la transici\u00f3n verde, crean un ejemplo de cooperaci\u00f3n en la cadena industrial - ACIIEC","og_description":"Del 22 al 26 de junio, se celebr\u00f3 en Beijing la 4\u00aa Exposici\u00f3n Internacional de Cadenas de Suministro de China (CISCE). Bajo el lema \u00abConectando el mundo, creando un futuro compartido\u00bb, esta edici\u00f3n ha reunido a 676 empresas l\u00edderes en sus respectivas cadenas industriales, empresas especializadas y de nueva tecnolog\u00eda, as\u00ed como instituciones del sector, [...]","og_url":"https:\/\/aciiec.org\/zh\/2026\/08\/11\/\u8fde\u63a5\u4e16\u754c\u4e28\u897f\u73ed\u7259\u7eb3\u74e6\u62c9\u5927\u533a\u4ee3\u8868\u643a\u624b\u4e2d\u56fd\u4e0e\u6b27\u6d32\/","og_site_name":"ACIIEC","article_published_time":"2026-08-11T22:32:18+00:00","article_modified_time":"2026-08-11T22:48:45+00:00","og_image":[{"width":662,"height":379,"url":"https:\/\/aciiec.org\/wp-content\/uploads\/2026\/08\/cisce_interview.png","type":"image\/png"}],"author":"Ina Wang","twitter_card":"summary_large_image","twitter_misc":{"\u4f5c\u8005":"Ina Wang","\u9884\u8ba1\u9605\u8bfb\u65f6\u95f4":"1 \u5206"},"schema":{"@context":"https:\/\/schema.org","@graph":[{"@type":"Article","@id":"https:\/\/aciiec.org\/2026\/08\/11\/conectando-el-mundo%e4%b8%a8representante-de-navarra-espana-europa-y-china-de-la-mano-en-el-ambito-de-la-transicion-verde-crean-un-ejemplo-de-cooperacion-en-la-cadena-industrial\/#article","isPartOf":{"@id":"https:\/\/aciiec.org\/2026\/08\/11\/conectando-el-mundo%e4%b8%a8representante-de-navarra-espana-europa-y-china-de-la-mano-en-el-ambito-de-la-transicion-verde-crean-un-ejemplo-de-cooperacion-en-la-cadena-industrial\/"},"author":{"name":"Ina Wang","@id":"https:\/\/aciiec.org\/#\/schema\/person\/96134fc23b0fc219f6947401bd746e7c"},"headline":"\u00abConectando el mundo\u00bb\u4e28Representante de Navarra (Espa\u00f1a): Europa y China, de la mano en el \u00e1mbito de la transici\u00f3n verde, crean un ejemplo de cooperaci\u00f3n en la cadena industrial","datePublished":"2026-08-11T22:32:18+00:00","dateModified":"2026-08-11T22:48:45+00:00","mainEntityOfPage":{"@id":"https:\/\/aciiec.org\/2026\/08\/11\/conectando-el-mundo%e4%b8%a8representante-de-navarra-espana-europa-y-china-de-la-mano-en-el-ambito-de-la-transicion-verde-crean-un-ejemplo-de-cooperacion-en-la-cadena-industrial\/"},"wordCount":257,"publisher":{"@id":"https:\/\/aciiec.org\/#organization"},"image":{"@id":"https:\/\/aciiec.org\/2026\/08\/11\/conectando-el-mundo%e4%b8%a8representante-de-navarra-espana-europa-y-china-de-la-mano-en-el-ambito-de-la-transicion-verde-crean-un-ejemplo-de-cooperacion-en-la-cadena-industrial\/#primaryimage"},"thumbnailUrl":"https:\/\/aciiec.org\/wp-content\/uploads\/2026\/08\/cisce_interview.png","keywords":["Colaboraci\u00f3n Hispano-China","Navarra"],"articleSection":["Conferencias","Cooperaci\u00f3n"],"inLanguage":"zh-Hans"},{"@type":"WebPage","@id":"https:\/\/aciiec.org\/2026\/08\/11\/conectando-el-mundo%e4%b8%a8representante-de-navarra-espana-europa-y-china-de-la-mano-en-el-ambito-de-la-transicion-verde-crean-un-ejemplo-de-cooperacion-en-la-cadena-industrial\/","url":"https:\/\/aciiec.org\/2026\/08\/11\/conectando-el-mundo%e4%b8%a8representante-de-navarra-espana-europa-y-china-de-la-mano-en-el-ambito-de-la-transicion-verde-crean-un-ejemplo-de-cooperacion-en-la-cadena-industrial\/","name":"\"\u8fde\u63a5\u4e16\u754c\"\u4e28\u897f\u73ed\u7259\u7eb3\u74e6\u62c9\u4ee3\u8868\uff1a\u6b27\u6d32\u4e0e\u4e2d\u56fd\u643a\u624b\u7eff\u8272\u8f6c\u578b\uff0c\u6811\u7acb\u4ea7\u4e1a\u94fe\u5408\u4f5c\u5178\u8303\u2014\u2014ACIIEC","isPartOf":{"@id":"https:\/\/aciiec.org\/#website"},"primaryImageOfPage":{"@id":"https:\/\/aciiec.org\/2026\/08\/11\/conectando-el-mundo%e4%b8%a8representante-de-navarra-espana-europa-y-china-de-la-mano-en-el-ambito-de-la-transicion-verde-crean-un-ejemplo-de-cooperacion-en-la-cadena-industrial\/#primaryimage"},"image":{"@id":"https:\/\/aciiec.org\/2026\/08\/11\/conectando-el-mundo%e4%b8%a8representante-de-navarra-espana-europa-y-china-de-la-mano-en-el-ambito-de-la-transicion-verde-crean-un-ejemplo-de-cooperacion-en-la-cadena-industrial\/#primaryimage"},"thumbnailUrl":"https:\/\/aciiec.org\/wp-content\/uploads\/2026\/08\/cisce_interview.png","datePublished":"2026-08-11T22:32:18+00:00","dateModified":"2026-08-11T22:48:45+00:00","breadcrumb":{"@id":"https:\/\/aciiec.org\/2026\/08\/11\/conectando-el-mundo%e4%b8%a8representante-de-navarra-espana-europa-y-china-de-la-mano-en-el-ambito-de-la-transicion-verde-crean-un-ejemplo-de-cooperacion-en-la-cadena-industrial\/#breadcrumb"},"inLanguage":"zh-Hans","potentialAction":[{"@type":"ReadAction","target":["https:\/\/aciiec.org\/2026\/08\/11\/conectando-el-mundo%e4%b8%a8representante-de-navarra-espana-europa-y-china-de-la-mano-en-el-ambito-de-la-transicion-verde-crean-un-ejemplo-de-cooperacion-en-la-cadena-industrial\/"]}]},{"@type":"ImageObject","inLanguage":"zh-Hans","@id":"https:\/\/aciiec.org\/2026\/08\/11\/conectando-el-mundo%e4%b8%a8representante-de-navarra-espana-europa-y-china-de-la-mano-en-el-ambito-de-la-transicion-verde-crean-un-ejemplo-de-cooperacion-en-la-cadena-industrial\/#primaryimage","url":"https:\/\/aciiec.org\/wp-content\/uploads\/2026\/08\/cisce_interview.png","contentUrl":"https:\/\/aciiec.org\/wp-content\/uploads\/2026\/08\/cisce_interview.png","width":662,"height":379},{"@type":"BreadcrumbList","@id":"https:\/\/aciiec.org\/2026\/08\/11\/conectando-el-mundo%e4%b8%a8representante-de-navarra-espana-europa-y-china-de-la-mano-en-el-ambito-de-la-transicion-verde-crean-un-ejemplo-de-cooperacion-en-la-cadena-industrial\/#breadcrumb","itemListElement":[{"@type":"ListItem","position":1,"name":"Portada","item":"https:\/\/aciiec.org\/"},{"@type":"ListItem","position":2,"name":"\u00abConectando el mundo\u00bb\u4e28Representante de Navarra (Espa\u00f1a): Europa y China, de la mano en el \u00e1mbito de la transici\u00f3n verde, crean un ejemplo de cooperaci\u00f3n en la cadena industrial"}]},{"@type":"WebSite","@id":"https:\/\/aciiec.org\/#website","url":"https:\/\/aciiec.org\/","name":"ACIIEC","description":"\u897f\u73ed\u7259-\u4e2d\u56fd\u5de5\u4e1a\u4e0e\u5de5\u7a0b\u5408\u4f5c\u534f\u4f1a","publisher":{"@id":"https:\/\/aciiec.org\/#organization"},"potentialAction":[{"@type":"SearchAction","target":{"@type":"EntryPoint","urlTemplate":"https:\/\/aciiec.org\/?s={search_term_string}"},"query-input":{"@type":"PropertyValueSpecification","valueRequired":true,"valueName":"search_term_string"}}],"inLanguage":"zh-Hans"},{"@type":"Organization","@id":"https:\/\/aciiec.org\/#organization","name":"ACIIEC","url":"https:\/\/aciiec.org\/","logo":{"@type":"ImageObject","inLanguage":"zh-Hans","@id":"https:\/\/aciiec.org\/#\/schema\/logo\/image\/","url":"https:\/\/aciiec.org\/wp-content\/uploads\/2026\/05\/aciiec.png","contentUrl":"https:\/\/aciiec.org\/wp-content\/uploads\/2026\/05\/aciiec.png","width":832,"height":300,"caption":"ACIIEC"},"image":{"@id":"https:\/\/aciiec.org\/#\/schema\/logo\/image\/"},"sameAs":["https:\/\/www.linkedin.com\/company\/aciiec-asociacin-para-la-cooperacin-industrial-y-de-ingeniera-espaa-china"]},{"@type":"Person","@id":"https:\/\/aciiec.org\/#\/schema\/person\/96134fc23b0fc219f6947401bd746e7c","name":"\u738b\u4f0a\u5a1c","image":{"@type":"ImageObject","inLanguage":"zh-Hans","@id":"https:\/\/secure.gravatar.com\/avatar\/608ebb36afb0d638dff9f1a412da339dec9a4878e2c966f75c4573297d1708aa?s=96&d=mm&r=g","url":"https:\/\/secure.gravatar.com\/avatar\/608ebb36afb0d638dff9f1a412da339dec9a4878e2c966f75c4573297d1708aa?s=96&d=mm&r=g","contentUrl":"https:\/\/secure.gravatar.com\/avatar\/608ebb36afb0d638dff9f1a412da339dec9a4878e2c966f75c4573297d1708aa?s=96&d=mm&r=g","caption":"Ina Wang"},"url":"https:\/\/aciiec.org\/zh\/author\/ina_wang\/"}]}},"_links":{"self":[{"href":"https:\/\/aciiec.org\/zh\/wp-json\/wp\/v2\/posts\/803","targetHints":{"allow":["GET"]}}],"collection":[{"href":"https:\/\/aciiec.org\/zh\/wp-json\/wp\/v2\/posts"}],"about":[{"href":"https:\/\/aciiec.org\/zh\/wp-json\/wp\/v2\/types\/post"}],"author":[{"embeddable":true,"href":"https:\/\/aciiec.org\/zh\/wp-json\/wp\/v2\/users\/2"}],"replies":[{"embeddable":true,"href":"https:\/\/aciiec.org\/zh\/wp-json\/wp\/v2\/comments?post=803"}],"version-history":[{"count":6,"href":"https:\/\/aciiec.org\/zh\/wp-json\/wp\/v2\/posts\/803\/revisions"}],"predecessor-version":[{"id":813,"href":"https:\/\/aciiec.org\/zh\/wp-json\/wp\/v2\/posts\/803\/revisions\/813"}],"wp:featuredmedia":[{"embeddable":true,"href":"https:\/\/aciiec.org\/zh\/wp-json\/wp\/v2\/media\/808"}],"wp:attachment":[{"href":"https:\/\/aciiec.org\/zh\/wp-json\/wp\/v2\/media?parent=803"}],"wp:term":[{"taxonomy":"category","embeddable":true,"href":"https:\/\/aciiec.org\/zh\/wp-json\/wp\/v2\/categories?post=803"},{"taxonomy":"post_tag","embeddable":true,"href":"https:\/\/aciiec.org\/zh\/wp-json\/wp\/v2\/tags?post=803"}],"curies":[{"name":"wp","href":"https:\/\/api.w.org\/{rel}","templated":true}]}}