{"id":663,"date":"2026-04-24T21:43:10","date_gmt":"2026-04-24T21:43:10","guid":{"rendered":"https:\/\/aciiec.org\/?p=663"},"modified":"2026-08-11T22:48:45","modified_gmt":"2026-08-11T22:48:45","slug":"%e4%b8%ad%e5%9b%bd%e5%b0%86%e4%ba%8e2025%e5%b9%b4%e5%ae%89%e8%a3%85%e6%af%94%e5%8e%86%e5%8f%b2%e4%b8%8a%e4%bb%bb%e4%bd%95%e5%9b%bd%e5%ae%b6%e9%83%bd%e5%a4%9a%e7%9a%84%e9%a3%8e%e5%8a%9b%e5%8f%91","status":"publish","type":"post","link":"https:\/\/aciiec.org\/zh\/2026\/04\/24\/china-instala-en-2025-mas-eolica-que-nadie-en-la-historia-y-marca-el-paso-de-la-transicion-energetica-global\/","title":{"rendered":"\u4e2d\u56fd\u5c06\u4e8e2025\u5e74\u5b89\u88c5\u6bd4\u5386\u53f2\u4e0a\u4efb\u4f55\u65f6\u5019\u90fd\u591a\u7684\u98ce\u80fd\uff0c\u5f15\u9886\u5168\u7403\u80fd\u6e90\u8f6c\u578b\u3002"},"content":{"rendered":"<p>\u4e2d\u56fd\u57282025\u5e74\u5b9e\u73b0\u4e86\u53ef\u518d\u751f\u80fd\u6e90\u53f2\u4e0a\u6700\u6770\u51fa\u7684\u91cc\u7a0b\u7891\u4e4b\u4e00\u3002\u6839\u636e\u5df2\u516c\u5e03\u7684\u6570\u636e <strong>\u5168\u7403\u98ce\u80fd\u7406\u4e8b\u4f1a<\/strong> \u5728\u5176\u5e74\u5ea6\u62a5\u544a\u4e2d\u6307\u51fa\uff0c\u5168\u7403\u98ce\u7535\u884c\u4e1a\u53bb\u5e74\u65b0\u589e\u88c5\u673a\u5bb9\u91cf\u521b\u4e0b165\u5409\u74e6\uff08GW\uff09\u7684\u7eaa\u5f55\uff0c\u8f832024\u5e74\u589e\u957f40%\uff0c\u8fd9\u662f\u8fc4\u4eca\u4e3a\u6b62\u6700\u5927\u7684\u5e74\u5ea6\u589e\u5e45\u3002.<\/p>\n<p>\u6bcb\u5eb8\u7f6e\u7591\uff0c\u8fd9\u9879\u6210\u5c31\u662f\u4e2d\u56fd\u7684\u6770\u4f5c\u3002\u5728\u5982\u6b64\u5e9e\u5927\u7684\u5168\u7403\u603b\u6570\u4e2d\uff0c\u4e2d\u56fd\u4ec5\u51ed\u4e00\u5df1\u4e4b\u529b\u5c31\u8d21\u732e\u4e86 120.5 \u5409\u74e6\u7684\u65b0\u589e\u98ce\u529b\u53d1\u7535\u88c5\u673a\u5bb9\u91cf\uff0c\u8fd9\u610f\u5473\u7740 2025 \u5e74\u5168\u7403\u5b89\u88c5\u7684\u8fd1\u56db\u5206\u4e4b\u4e09\u5146\u74e6\u90fd\u6765\u81ea\u4e2d\u56fd\u3002\u51ed\u501f\u8fd9\u4e00\u6570\u5b57\uff0c\u4e9a\u6d32\u5de8\u4eba\u7d2f\u8ba1\u98ce\u529b\u53d1\u7535\u88c5\u673a\u5bb9\u91cf\u8fbe\u5230 640.5 \u5409\u74e6\uff0c\u800c\u5168\u7403\u603b\u8ba1\u4e3a 1,299 \u5409\u74e6\u3002\u8fd9\u662f\u524d\u6240\u672a\u6709\u7684\u5de5\u4e1a\u89c4\u5212\u548c\u6570\u5341\u5e74\u6765\u4e00\u8d2f\u7684\u653f\u6cbb\u610f\u613f\u7684\u4f53\u73b0\u3002.<\/p>\n<p>\u8fd9\u4e00\u8fdb\u5c55\u5e76\u975e\u5076\u7136\uff0c\u800c\u662f\u6e90\u4e8e\u4e00\u9879\u8fde\u8d2f\u4e14\u96c4\u5fc3\u52c3\u52c3\u7684\u56fd\u5bb6\u6218\u7565\u3002\u98ce\u7535\u88c5\u673a\u5bb9\u91cf\u7684\u589e\u957f\u5f97\u76ca\u4e8e\u5bf9\u9646\u4e0a\u98ce\u7535\u7684\u5f3a\u52b2\u9700\u6c42\uff0c\u5176\u88c5\u673a\u5bb9\u91cf\u540c\u6bd4\u589e\u957f421%\u81f3155.3\u5409\u74e6\uff0c\u800c\u6d77\u4e0a\u98ce\u7535\u5219\u540c\u6bd4\u589e\u957f181%\u81f39\u5409\u74e6\u3002 \u4e2d\u56fd\u5bf9\u6e05\u6d01\u80fd\u6e90\u7684\u627f\u8bfa\u4e0e\u5176\u957f\u671f\u6c14\u5019\u76ee\u6807\u4e00\u8109\u76f8\u627f\uff1a\u5373\u57282030\u5e74\u524d\u5b9e\u73b0\u4e8c\u6c27\u5316\u78b3\u6392\u653e\u8fbe\u5cf0\uff0c\u5e76\u57282060\u5e74\u524d\u5b9e\u73b0\u78b3\u4e2d\u548c\uff0c\u8fd9\u88ab\u79f0\u4e3a\u00ab30-60\u00bb\u76ee\u6807\u3002.<\/p>\n<p>\u8fdb\u5c55\u5982\u6b64\u8fc5\u901f\uff0c\u4ee5\u81f3\u4e8e\u4e2d\u56fd\u6b63\u5728\u8d85\u8d8a\u81ea\u8eab\u7684\u9884\u671f\u3002\u52302024\u5e74\uff0c\u98ce\u7535\u548c\u592a\u9633\u80fd\u7684\u603b\u88c5\u673a\u5bb9\u91cf\u5df2\u8fbe\u52301400\u5409\u74e6\uff0c\u63d0\u524d\u8d85\u989d\u5b8c\u6210\u4e86\u539f\u5b9a\u4e8e2030\u5e74\u5b9e\u73b0\u76841200\u5409\u74e6\u7684\u76ee\u6807\u3002 \u6b64\u5916\uff0c\u622a\u81f32026\u5e742\u6708\uff0c\u4e2d\u56fd\u6e05\u6d01\u7535\u529b\u88c5\u673a\u5bb9\u91cf\u5df2\u8fbe52%\uff0c\u9996\u6b21\u8d85\u8fc7\u4e86\u5316\u77f3\u71c3\u6599\u53d1\u7535\u91cf\u3002. <\/p>\n<p>\u4e2d\u56fd\u5728\u98ce\u7535\u9886\u57df\u7684\u6295\u5165\u4e5f\u5177\u6709\u6781\u5176\u91cd\u8981\u7684\u5168\u7403\u4ea7\u4e1a\u610f\u4e49\u3002\u4f5c\u4e3a\u5168\u7403\u80fd\u6e90\u8f6c\u578b\u4f9b\u5e94\u94fe\u4e2d\u7684\u5236\u9020\u4e1a\u5927\u56fd\uff0c\u4e2d\u56fd\u751f\u4ea7\u7684\u98ce\u529b\u6da1\u8f6e\u673a\u5360\u5168\u7403\u603b\u91cf\u768460%\u4ee5\u4e0a\u3002\u8fd9\u79cd\u751f\u4ea7\u80fd\u529b\u4e0d\u4ec5\u63a8\u52a8\u4e86\u672c\u56fd\u7684\u80fd\u6e90\u8f6c\u578b\uff0c\u8fd8\u964d\u4f4e\u4e86\u5168\u7403\u5176\u4ed6\u5730\u533a\u53ef\u518d\u751f\u80fd\u6e90\u7684\u6210\u672c\uff0c\u4ece\u800c\u52a0\u901f\u4e86\u5168\u7403\u8131\u78b3\u8fdb\u7a0b\u3002.<\/p>\n<p>\u672a\u6765\u51e0\u5e74\u7684\u524d\u666f\u540c\u6837\u4ee4\u4eba\u9f13\u821e\u3002GWEC\u9884\u8ba1\uff0c26\u5e74\u81f330\u5e74\u95f4\uff0c\u5168\u7403\u5c06\u65b0\u589e969\u5409\u74e6\u98ce\u7535\u88c5\u673a\u5bb9\u91cf\uff0c\u5e73\u5747\u6bcf\u5e74\u65b0\u589e194\u5409\u74e6\uff0c\u9884\u8ba1\u589e\u957f\u5c06\u9010\u6b65\u6269\u5c55\u5230\u4e1c\u5357\u4e9a\u3001\u4e2d\u4e9a\u548c\u4e2d\u4e1c\u7684\u65b0\u5174\u5e02\u573a\u3002\u4e2d\u56fd\u5c06\u518d\u6b21\u5f15\u9886\u8fd9\u4e00\u8fdb\u7a0b\uff0c\u5de9\u56fa\u5176\u4f5c\u4e3a\u5168\u7403\u80fd\u6e90\u8f6c\u578b\u5f15\u64ce\u548c\u6807\u6746\u7684\u5730\u4f4d\u3002.<\/p>\n\n\n\n<p class=\"wp-block-paragraph\"><\/p>","protected":false},"excerpt":{"rendered":"<p>China ha protagonizado en 2025 uno de los hitos m\u00e1s extraordinarios de la historia de la energ\u00eda renovable. Seg\u00fan los datos publicados por el Consejo Mundial de Energ\u00eda E\u00f3lica (GWEC) en su informe anual, la industria e\u00f3lica global instal\u00f3 un r\u00e9cord de 165 gigavatios (GW) de nueva capacidad el a\u00f1o pasado, un 40% m\u00e1s que [&#8230;]\n","protected":false},"author":2,"featured_media":662,"comment_status":"closed","ping_status":"open","sticky":false,"template":"","format":"standard","meta":{"footnotes":""},"categories":[98],"tags":[22],"class_list":["post-663","post","type-post","status-publish","format-standard","has-post-thumbnail","hentry","category-sostenibilidad","tag-energia_renovable"],"yoast_head":"<!-- This site is optimized with the Yoast SEO plugin v28.3 - https:\/\/yoast.com\/product\/yoast-seo-wordpress\/ -->\n<title>China instala en 2025 m\u00e1s e\u00f3lica que nadie en la historia y marca el paso de la transici\u00f3n energ\u00e9tica global - ACIIEC<\/title>\n<meta name=\"robots\" content=\"index, follow, max-snippet:-1, max-image-preview:large, max-video-preview:-1\" \/>\n<link rel=\"canonical\" href=\"https:\/\/aciiec.org\/zh\/2026\/04\/24\/\u4e2d\u56fd\u5c06\u4e8e2025\u5e74\u5b89\u88c5\u6bd4\u5386\u53f2\u4e0a\u4efb\u4f55\u56fd\u5bb6\u90fd\u591a\u7684\u98ce\u529b\u53d1\/\" \/>\n<meta property=\"og:locale\" content=\"zh_CN\" \/>\n<meta property=\"og:type\" content=\"article\" \/>\n<meta property=\"og:title\" content=\"China instala en 2025 m\u00e1s e\u00f3lica que nadie en la historia y marca el paso de la transici\u00f3n energ\u00e9tica global - ACIIEC\" \/>\n<meta property=\"og:description\" content=\"China ha protagonizado en 2025 uno de los hitos m\u00e1s extraordinarios de la historia de la energ\u00eda renovable. Seg\u00fan los datos publicados por el Consejo Mundial de Energ\u00eda E\u00f3lica (GWEC) en su informe anual, la industria e\u00f3lica global instal\u00f3 un r\u00e9cord de 165 gigavatios (GW) de nueva capacidad el a\u00f1o pasado, un 40% m\u00e1s que [...]\" \/>\n<meta property=\"og:url\" content=\"https:\/\/aciiec.org\/zh\/2026\/04\/24\/\u4e2d\u56fd\u5c06\u4e8e2025\u5e74\u5b89\u88c5\u6bd4\u5386\u53f2\u4e0a\u4efb\u4f55\u56fd\u5bb6\u90fd\u591a\u7684\u98ce\u529b\u53d1\/\" \/>\n<meta property=\"og:site_name\" content=\"ACIIEC\" \/>\n<meta property=\"article:published_time\" content=\"2026-04-24T21:43:10+00:00\" \/>\n<meta property=\"article:modified_time\" content=\"2026-08-11T22:48:45+00:00\" \/>\n<meta property=\"og:image\" content=\"https:\/\/aciiec.org\/wp-content\/uploads\/2026\/05\/eolicnews1005-scaled.jpg\" \/>\n\t<meta property=\"og:image:width\" content=\"2560\" \/>\n\t<meta property=\"og:image:height\" content=\"1706\" \/>\n\t<meta property=\"og:image:type\" content=\"image\/jpeg\" \/>\n<meta name=\"author\" content=\"Ina Wang\" \/>\n<meta name=\"twitter:card\" content=\"summary_large_image\" \/>\n<meta name=\"twitter:label1\" content=\"\u4f5c\u8005\" \/>\n\t<meta name=\"twitter:data1\" content=\"Ina Wang\" \/>\n\t<meta name=\"twitter:label2\" content=\"\u9884\u8ba1\u9605\u8bfb\u65f6\u95f4\" \/>\n\t<meta name=\"twitter:data2\" content=\"2 \u5206\" \/>\n<script type=\"application\/ld+json\" class=\"yoast-schema-graph\">{\"@context\":\"https:\\\/\\\/schema.org\",\"@graph\":[{\"@type\":\"Article\",\"@id\":\"https:\\\/\\\/aciiec.org\\\/2026\\\/04\\\/24\\\/china-instala-en-2025-mas-eolica-que-nadie-en-la-historia-y-marca-el-paso-de-la-transicion-energetica-global\\\/#article\",\"isPartOf\":{\"@id\":\"https:\\\/\\\/aciiec.org\\\/2026\\\/04\\\/24\\\/china-instala-en-2025-mas-eolica-que-nadie-en-la-historia-y-marca-el-paso-de-la-transicion-energetica-global\\\/\"},\"author\":{\"name\":\"Ina Wang\",\"@id\":\"https:\\\/\\\/aciiec.org\\\/#\\\/schema\\\/person\\\/96134fc23b0fc219f6947401bd746e7c\"},\"headline\":\"China instala en 2025 m\u00e1s e\u00f3lica que nadie en la historia y marca el paso de la transici\u00f3n energ\u00e9tica global\",\"datePublished\":\"2026-04-24T21:43:10+00:00\",\"dateModified\":\"2026-08-11T22:48:45+00:00\",\"mainEntityOfPage\":{\"@id\":\"https:\\\/\\\/aciiec.org\\\/2026\\\/04\\\/24\\\/china-instala-en-2025-mas-eolica-que-nadie-en-la-historia-y-marca-el-paso-de-la-transicion-energetica-global\\\/\"},\"wordCount\":491,\"publisher\":{\"@id\":\"https:\\\/\\\/aciiec.org\\\/#organization\"},\"image\":{\"@id\":\"https:\\\/\\\/aciiec.org\\\/2026\\\/04\\\/24\\\/china-instala-en-2025-mas-eolica-que-nadie-en-la-historia-y-marca-el-paso-de-la-transicion-energetica-global\\\/#primaryimage\"},\"thumbnailUrl\":\"https:\\\/\\\/aciiec.org\\\/wp-content\\\/uploads\\\/2026\\\/05\\\/eolicnews1005-scaled.jpg\",\"keywords\":[\"Energ\u00eda Renovable\"],\"articleSection\":[\"Sostenibilidad\"],\"inLanguage\":\"zh-Hans\"},{\"@type\":\"WebPage\",\"@id\":\"https:\\\/\\\/aciiec.org\\\/2026\\\/04\\\/24\\\/china-instala-en-2025-mas-eolica-que-nadie-en-la-historia-y-marca-el-paso-de-la-transicion-energetica-global\\\/\",\"url\":\"https:\\\/\\\/aciiec.org\\\/2026\\\/04\\\/24\\\/china-instala-en-2025-mas-eolica-que-nadie-en-la-historia-y-marca-el-paso-de-la-transicion-energetica-global\\\/\",\"name\":\"China instala en 2025 m\u00e1s e\u00f3lica que nadie en la historia y marca el paso de la transici\u00f3n energ\u00e9tica global - ACIIEC\",\"isPartOf\":{\"@id\":\"https:\\\/\\\/aciiec.org\\\/#website\"},\"primaryImageOfPage\":{\"@id\":\"https:\\\/\\\/aciiec.org\\\/2026\\\/04\\\/24\\\/china-instala-en-2025-mas-eolica-que-nadie-en-la-historia-y-marca-el-paso-de-la-transicion-energetica-global\\\/#primaryimage\"},\"image\":{\"@id\":\"https:\\\/\\\/aciiec.org\\\/2026\\\/04\\\/24\\\/china-instala-en-2025-mas-eolica-que-nadie-en-la-historia-y-marca-el-paso-de-la-transicion-energetica-global\\\/#primaryimage\"},\"thumbnailUrl\":\"https:\\\/\\\/aciiec.org\\\/wp-content\\\/uploads\\\/2026\\\/05\\\/eolicnews1005-scaled.jpg\",\"datePublished\":\"2026-04-24T21:43:10+00:00\",\"dateModified\":\"2026-08-11T22:48:45+00:00\",\"breadcrumb\":{\"@id\":\"https:\\\/\\\/aciiec.org\\\/2026\\\/04\\\/24\\\/china-instala-en-2025-mas-eolica-que-nadie-en-la-historia-y-marca-el-paso-de-la-transicion-energetica-global\\\/#breadcrumb\"},\"inLanguage\":\"zh-Hans\",\"potentialAction\":[{\"@type\":\"ReadAction\",\"target\":[\"https:\\\/\\\/aciiec.org\\\/2026\\\/04\\\/24\\\/china-instala-en-2025-mas-eolica-que-nadie-en-la-historia-y-marca-el-paso-de-la-transicion-energetica-global\\\/\"]}]},{\"@type\":\"ImageObject\",\"inLanguage\":\"zh-Hans\",\"@id\":\"https:\\\/\\\/aciiec.org\\\/2026\\\/04\\\/24\\\/china-instala-en-2025-mas-eolica-que-nadie-en-la-historia-y-marca-el-paso-de-la-transicion-energetica-global\\\/#primaryimage\",\"url\":\"https:\\\/\\\/aciiec.org\\\/wp-content\\\/uploads\\\/2026\\\/05\\\/eolicnews1005-scaled.jpg\",\"contentUrl\":\"https:\\\/\\\/aciiec.org\\\/wp-content\\\/uploads\\\/2026\\\/05\\\/eolicnews1005-scaled.jpg\",\"width\":2560,\"height\":1706},{\"@type\":\"BreadcrumbList\",\"@id\":\"https:\\\/\\\/aciiec.org\\\/2026\\\/04\\\/24\\\/china-instala-en-2025-mas-eolica-que-nadie-en-la-historia-y-marca-el-paso-de-la-transicion-energetica-global\\\/#breadcrumb\",\"itemListElement\":[{\"@type\":\"ListItem\",\"position\":1,\"name\":\"Portada\",\"item\":\"https:\\\/\\\/aciiec.org\\\/\"},{\"@type\":\"ListItem\",\"position\":2,\"name\":\"China instala en 2025 m\u00e1s e\u00f3lica que nadie en la historia y marca el paso de la transici\u00f3n energ\u00e9tica global\"}]},{\"@type\":\"WebSite\",\"@id\":\"https:\\\/\\\/aciiec.org\\\/#website\",\"url\":\"https:\\\/\\\/aciiec.org\\\/\",\"name\":\"ACIIEC\",\"description\":\"Asociaci\u00f3n para la Cooperaci\u00f3n Industrial y de Ingenier\u00eda Espa\u00f1a-China\",\"publisher\":{\"@id\":\"https:\\\/\\\/aciiec.org\\\/#organization\"},\"potentialAction\":[{\"@type\":\"SearchAction\",\"target\":{\"@type\":\"EntryPoint\",\"urlTemplate\":\"https:\\\/\\\/aciiec.org\\\/?s={search_term_string}\"},\"query-input\":{\"@type\":\"PropertyValueSpecification\",\"valueRequired\":true,\"valueName\":\"search_term_string\"}}],\"inLanguage\":\"zh-Hans\"},{\"@type\":\"Organization\",\"@id\":\"https:\\\/\\\/aciiec.org\\\/#organization\",\"name\":\"ACIIEC\",\"url\":\"https:\\\/\\\/aciiec.org\\\/\",\"logo\":{\"@type\":\"ImageObject\",\"inLanguage\":\"zh-Hans\",\"@id\":\"https:\\\/\\\/aciiec.org\\\/#\\\/schema\\\/logo\\\/image\\\/\",\"url\":\"https:\\\/\\\/aciiec.org\\\/wp-content\\\/uploads\\\/2026\\\/05\\\/aciiec.png\",\"contentUrl\":\"https:\\\/\\\/aciiec.org\\\/wp-content\\\/uploads\\\/2026\\\/05\\\/aciiec.png\",\"width\":832,\"height\":300,\"caption\":\"ACIIEC\"},\"image\":{\"@id\":\"https:\\\/\\\/aciiec.org\\\/#\\\/schema\\\/logo\\\/image\\\/\"},\"sameAs\":[\"https:\\\/\\\/www.linkedin.com\\\/company\\\/aciiec-asociacin-para-la-cooperacin-industrial-y-de-ingeniera-espaa-china\"]},{\"@type\":\"Person\",\"@id\":\"https:\\\/\\\/aciiec.org\\\/#\\\/schema\\\/person\\\/96134fc23b0fc219f6947401bd746e7c\",\"name\":\"Ina Wang\",\"image\":{\"@type\":\"ImageObject\",\"inLanguage\":\"zh-Hans\",\"@id\":\"https:\\\/\\\/secure.gravatar.com\\\/avatar\\\/608ebb36afb0d638dff9f1a412da339dec9a4878e2c966f75c4573297d1708aa?s=96&d=mm&r=g\",\"url\":\"https:\\\/\\\/secure.gravatar.com\\\/avatar\\\/608ebb36afb0d638dff9f1a412da339dec9a4878e2c966f75c4573297d1708aa?s=96&d=mm&r=g\",\"contentUrl\":\"https:\\\/\\\/secure.gravatar.com\\\/avatar\\\/608ebb36afb0d638dff9f1a412da339dec9a4878e2c966f75c4573297d1708aa?s=96&d=mm&r=g\",\"caption\":\"Ina Wang\"},\"url\":\"https:\\\/\\\/aciiec.org\\\/zh\\\/author\\\/ina_wang\\\/\"}]}<\/script>\n<!-- \/ Yoast SEO plugin. -->","yoast_head_json":{"title":"\u4e2d\u56fd\u57282025\u5e74\u5b89\u88c5\u7684\u98ce\u7535\u521b\u5386\u53f2\u4e4b\u6700\uff0c\u5e76\u5f15\u9886\u5168\u7403\u80fd\u6e90\u8f6c\u578b\u6b65\u4f10 - ACIIEC","robots":{"index":"index","follow":"follow","max-snippet":"max-snippet:-1","max-image-preview":"max-image-preview:large","max-video-preview":"max-video-preview:-1"},"canonical":"https:\/\/aciiec.org\/zh\/2026\/04\/24\/\u4e2d\u56fd\u5c06\u4e8e2025\u5e74\u5b89\u88c5\u6bd4\u5386\u53f2\u4e0a\u4efb\u4f55\u56fd\u5bb6\u90fd\u591a\u7684\u98ce\u529b\u53d1\/","og_locale":"zh_CN","og_type":"article","og_title":"China instala en 2025 m\u00e1s e\u00f3lica que nadie en la historia y marca el paso de la transici\u00f3n energ\u00e9tica global - ACIIEC","og_description":"China ha protagonizado en 2025 uno de los hitos m\u00e1s extraordinarios de la historia de la energ\u00eda renovable. Seg\u00fan los datos publicados por el Consejo Mundial de Energ\u00eda E\u00f3lica (GWEC) en su informe anual, la industria e\u00f3lica global instal\u00f3 un r\u00e9cord de 165 gigavatios (GW) de nueva capacidad el a\u00f1o pasado, un 40% m\u00e1s que [...]","og_url":"https:\/\/aciiec.org\/zh\/2026\/04\/24\/\u4e2d\u56fd\u5c06\u4e8e2025\u5e74\u5b89\u88c5\u6bd4\u5386\u53f2\u4e0a\u4efb\u4f55\u56fd\u5bb6\u90fd\u591a\u7684\u98ce\u529b\u53d1\/","og_site_name":"ACIIEC","article_published_time":"2026-04-24T21:43:10+00:00","article_modified_time":"2026-08-11T22:48:45+00:00","og_image":[{"width":2560,"height":1706,"url":"https:\/\/aciiec.org\/wp-content\/uploads\/2026\/05\/eolicnews1005-scaled.jpg","type":"image\/jpeg"}],"author":"Ina Wang","twitter_card":"summary_large_image","twitter_misc":{"\u4f5c\u8005":"Ina Wang","\u9884\u8ba1\u9605\u8bfb\u65f6\u95f4":"2 \u5206"},"schema":{"@context":"https:\/\/schema.org","@graph":[{"@type":"Article","@id":"https:\/\/aciiec.org\/2026\/04\/24\/china-instala-en-2025-mas-eolica-que-nadie-en-la-historia-y-marca-el-paso-de-la-transicion-energetica-global\/#article","isPartOf":{"@id":"https:\/\/aciiec.org\/2026\/04\/24\/china-instala-en-2025-mas-eolica-que-nadie-en-la-historia-y-marca-el-paso-de-la-transicion-energetica-global\/"},"author":{"name":"Ina Wang","@id":"https:\/\/aciiec.org\/#\/schema\/person\/96134fc23b0fc219f6947401bd746e7c"},"headline":"China instala en 2025 m\u00e1s e\u00f3lica que nadie en la historia y marca el paso de la transici\u00f3n energ\u00e9tica global","datePublished":"2026-04-24T21:43:10+00:00","dateModified":"2026-08-11T22:48:45+00:00","mainEntityOfPage":{"@id":"https:\/\/aciiec.org\/2026\/04\/24\/china-instala-en-2025-mas-eolica-que-nadie-en-la-historia-y-marca-el-paso-de-la-transicion-energetica-global\/"},"wordCount":491,"publisher":{"@id":"https:\/\/aciiec.org\/#organization"},"image":{"@id":"https:\/\/aciiec.org\/2026\/04\/24\/china-instala-en-2025-mas-eolica-que-nadie-en-la-historia-y-marca-el-paso-de-la-transicion-energetica-global\/#primaryimage"},"thumbnailUrl":"https:\/\/aciiec.org\/wp-content\/uploads\/2026\/05\/eolicnews1005-scaled.jpg","keywords":["Energ\u00eda Renovable"],"articleSection":["Sostenibilidad"],"inLanguage":"zh-Hans"},{"@type":"WebPage","@id":"https:\/\/aciiec.org\/2026\/04\/24\/china-instala-en-2025-mas-eolica-que-nadie-en-la-historia-y-marca-el-paso-de-la-transicion-energetica-global\/","url":"https:\/\/aciiec.org\/2026\/04\/24\/china-instala-en-2025-mas-eolica-que-nadie-en-la-historia-y-marca-el-paso-de-la-transicion-energetica-global\/","name":"\u4e2d\u56fd\u57282025\u5e74\u5b89\u88c5\u7684\u98ce\u7535\u521b\u5386\u53f2\u4e4b\u6700\uff0c\u5e76\u5f15\u9886\u5168\u7403\u80fd\u6e90\u8f6c\u578b\u6b65\u4f10 - ACIIEC","isPartOf":{"@id":"https:\/\/aciiec.org\/#website"},"primaryImageOfPage":{"@id":"https:\/\/aciiec.org\/2026\/04\/24\/china-instala-en-2025-mas-eolica-que-nadie-en-la-historia-y-marca-el-paso-de-la-transicion-energetica-global\/#primaryimage"},"image":{"@id":"https:\/\/aciiec.org\/2026\/04\/24\/china-instala-en-2025-mas-eolica-que-nadie-en-la-historia-y-marca-el-paso-de-la-transicion-energetica-global\/#primaryimage"},"thumbnailUrl":"https:\/\/aciiec.org\/wp-content\/uploads\/2026\/05\/eolicnews1005-scaled.jpg","datePublished":"2026-04-24T21:43:10+00:00","dateModified":"2026-08-11T22:48:45+00:00","breadcrumb":{"@id":"https:\/\/aciiec.org\/2026\/04\/24\/china-instala-en-2025-mas-eolica-que-nadie-en-la-historia-y-marca-el-paso-de-la-transicion-energetica-global\/#breadcrumb"},"inLanguage":"zh-Hans","potentialAction":[{"@type":"ReadAction","target":["https:\/\/aciiec.org\/2026\/04\/24\/china-instala-en-2025-mas-eolica-que-nadie-en-la-historia-y-marca-el-paso-de-la-transicion-energetica-global\/"]}]},{"@type":"ImageObject","inLanguage":"zh-Hans","@id":"https:\/\/aciiec.org\/2026\/04\/24\/china-instala-en-2025-mas-eolica-que-nadie-en-la-historia-y-marca-el-paso-de-la-transicion-energetica-global\/#primaryimage","url":"https:\/\/aciiec.org\/wp-content\/uploads\/2026\/05\/eolicnews1005-scaled.jpg","contentUrl":"https:\/\/aciiec.org\/wp-content\/uploads\/2026\/05\/eolicnews1005-scaled.jpg","width":2560,"height":1706},{"@type":"BreadcrumbList","@id":"https:\/\/aciiec.org\/2026\/04\/24\/china-instala-en-2025-mas-eolica-que-nadie-en-la-historia-y-marca-el-paso-de-la-transicion-energetica-global\/#breadcrumb","itemListElement":[{"@type":"ListItem","position":1,"name":"Portada","item":"https:\/\/aciiec.org\/"},{"@type":"ListItem","position":2,"name":"China instala en 2025 m\u00e1s e\u00f3lica que nadie en la historia y marca el paso de la transici\u00f3n energ\u00e9tica global"}]},{"@type":"WebSite","@id":"https:\/\/aciiec.org\/#website","url":"https:\/\/aciiec.org\/","name":"ACIIEC","description":"\u897f\u73ed\u7259-\u4e2d\u56fd\u5de5\u4e1a\u4e0e\u5de5\u7a0b\u5408\u4f5c\u534f\u4f1a","publisher":{"@id":"https:\/\/aciiec.org\/#organization"},"potentialAction":[{"@type":"SearchAction","target":{"@type":"EntryPoint","urlTemplate":"https:\/\/aciiec.org\/?s={search_term_string}"},"query-input":{"@type":"PropertyValueSpecification","valueRequired":true,"valueName":"search_term_string"}}],"inLanguage":"zh-Hans"},{"@type":"Organization","@id":"https:\/\/aciiec.org\/#organization","name":"ACIIEC","url":"https:\/\/aciiec.org\/","logo":{"@type":"ImageObject","inLanguage":"zh-Hans","@id":"https:\/\/aciiec.org\/#\/schema\/logo\/image\/","url":"https:\/\/aciiec.org\/wp-content\/uploads\/2026\/05\/aciiec.png","contentUrl":"https:\/\/aciiec.org\/wp-content\/uploads\/2026\/05\/aciiec.png","width":832,"height":300,"caption":"ACIIEC"},"image":{"@id":"https:\/\/aciiec.org\/#\/schema\/logo\/image\/"},"sameAs":["https:\/\/www.linkedin.com\/company\/aciiec-asociacin-para-la-cooperacin-industrial-y-de-ingeniera-espaa-china"]},{"@type":"Person","@id":"https:\/\/aciiec.org\/#\/schema\/person\/96134fc23b0fc219f6947401bd746e7c","name":"\u738b\u4f0a\u5a1c","image":{"@type":"ImageObject","inLanguage":"zh-Hans","@id":"https:\/\/secure.gravatar.com\/avatar\/608ebb36afb0d638dff9f1a412da339dec9a4878e2c966f75c4573297d1708aa?s=96&d=mm&r=g","url":"https:\/\/secure.gravatar.com\/avatar\/608ebb36afb0d638dff9f1a412da339dec9a4878e2c966f75c4573297d1708aa?s=96&d=mm&r=g","contentUrl":"https:\/\/secure.gravatar.com\/avatar\/608ebb36afb0d638dff9f1a412da339dec9a4878e2c966f75c4573297d1708aa?s=96&d=mm&r=g","caption":"Ina Wang"},"url":"https:\/\/aciiec.org\/zh\/author\/ina_wang\/"}]}},"_links":{"self":[{"href":"https:\/\/aciiec.org\/zh\/wp-json\/wp\/v2\/posts\/663","targetHints":{"allow":["GET"]}}],"collection":[{"href":"https:\/\/aciiec.org\/zh\/wp-json\/wp\/v2\/posts"}],"about":[{"href":"https:\/\/aciiec.org\/zh\/wp-json\/wp\/v2\/types\/post"}],"author":[{"embeddable":true,"href":"https:\/\/aciiec.org\/zh\/wp-json\/wp\/v2\/users\/2"}],"replies":[{"embeddable":true,"href":"https:\/\/aciiec.org\/zh\/wp-json\/wp\/v2\/comments?post=663"}],"version-history":[{"count":8,"href":"https:\/\/aciiec.org\/zh\/wp-json\/wp\/v2\/posts\/663\/revisions"}],"predecessor-version":[{"id":671,"href":"https:\/\/aciiec.org\/zh\/wp-json\/wp\/v2\/posts\/663\/revisions\/671"}],"wp:featuredmedia":[{"embeddable":true,"href":"https:\/\/aciiec.org\/zh\/wp-json\/wp\/v2\/media\/662"}],"wp:attachment":[{"href":"https:\/\/aciiec.org\/zh\/wp-json\/wp\/v2\/media?parent=663"}],"wp:term":[{"taxonomy":"category","embeddable":true,"href":"https:\/\/aciiec.org\/zh\/wp-json\/wp\/v2\/categories?post=663"},{"taxonomy":"post_tag","embeddable":true,"href":"https:\/\/aciiec.org\/zh\/wp-json\/wp\/v2\/tags?post=663"}],"curies":[{"name":"wp","href":"https:\/\/api.w.org\/{rel}","templated":true}]}}