{"id":654,"date":"2026-04-14T21:21:55","date_gmt":"2026-04-14T21:21:55","guid":{"rendered":"https:\/\/aciiec.org\/?p=654"},"modified":"2026-08-11T22:48:45","modified_gmt":"2026-08-11T22:48:45","slug":"%e8%a5%bf%e7%8f%ad%e7%89%99%e9%a6%96%e7%9b%b8%e8%ae%bf%e5%8d%8e%ef%bc%8c%e5%b7%a9%e5%9b%ba%e4%ba%86%e4%b8%a4%e5%9b%bd%e5%85%b3%e7%b3%bb","status":"publish","type":"post","link":"https:\/\/aciiec.org\/zh\/2026\/04\/14\/la-visita-del-presidente-del-gobierno-a-china-refuerza-los-lazos-entre-ambos-paises\/","title":{"rendered":"\u653f\u5e9c\u9996\u8111\u7684\u4e2d\u56fd\u4e4b\u884c\u52a0\u6df1\u4e86\u4e24\u56fd\u5173\u7cfb\u3002."},"content":{"rendered":"<p>\u897f\u73ed\u7259\u9996\u76f8\u4f69\u5fb7\u7f57\u00b7\u6851\u5207\u65af\u5728\u4e2d\u56fd\u5317\u4eac\u6807\u5fd7\u6027\u7684\u4eba\u6c11\u5927\u4f1a\u5802\u4e0e\u4e2d\u534e\u4eba\u6c11\u5171\u548c\u56fd\u4e3b\u5e2d\u4e60\u8fd1\u5e73\u4e3e\u884c\u4e86\u5386\u53f2\u6027\u4f1a\u6664\u3002\u8fd9\u662f\u4e00\u4e2a\u5145\u6ee1\u8c61\u5f81\u610f\u4e49\u548c\u5e0c\u671b\u7684\u65f6\u523b\uff0c\u897f\u73ed\u7259\u91cd\u7533\u4e86\u5176\u8fdb\u4e00\u6b65\u52a0\u5f3a\u4e0e\u4e2d\u56fd\u53cc\u8fb9\u5173\u7cfb\u7684\u575a\u5b9a\u627f\u8bfa\uff0c\u5e76\u4ee5\u5efa\u7acb\u6c38\u4e45\u6027\u6218\u7565\u5bf9\u8bdd\u4e3a\u6b64\u6b21\u4f1a\u6664\u753b\u4e0a\u4e86\u5706\u6ee1\u7684\u53e5\u53f7\uff0c\u8fd9\u5c06\u628a\u4e24\u56fd\u4e4b\u95f4\u7684\u653f\u6cbb\u6c9f\u901a\u63d0\u5347\u5230\u6700\u9ad8\u5c42\u9762\u3002.<\/p>\n\n<p>\u5728\u968f\u540e\u7684\u8bb0\u8005\u4f1a\u4e0a\uff0c\u6851\u5207\u65af\u603b\u7edf\u5e26\u7740\u660e\u663e\u6ee1\u610f\u7684\u5fc3\u60c5\u603b\u7ed3\u4e86\u8fd9\u6b21\u5bcc\u6709\u6210\u6548\u7684\u8bbf\u95ee\uff08\u8fd9\u662f\u4ed6\u7b2c\u56db\u6b21\u8bbf\u534e\uff09\u3002\u4ed6\u8bf4\uff1a\u00ab2005\u5e74\uff0c\u6211\u4eec\u901a\u8fc7\u5168\u9762\u6218\u7565\u4f19\u4f34\u5173\u7cfb\u8fc8\u51fa\u4e86\u51b3\u5b9a\u6027\u7684\u4e00\u6b65\uff0c\u53bb\u5e74\u6211\u4eec\u7b7e\u7f72\u4e86\u4e00\u9879\u4e3a\u671f\u4e09\u5e74\u7684\u884c\u52a8\u8ba1\u5212\uff0c\u800c\u73b0\u5728\u6211\u4eec\u8d70\u5f97\u66f4\u8fdc\u4e86\u3002\u00bb \u8fd9\u6b21\u6218\u7565\u5bf9\u8bdd\u7684\u5236\u5ea6\u5316\u662f\u524d\u6240\u672a\u6709\u7684\u8fdb\u6b65\uff0c\u56e0\u4e3a\u5b83\u5c06\u4e3a\u4e24\u56fd\u5173\u7cfb\u63d0\u4f9b\u66f4\u5927\u7684\u7a33\u56fa\u6027\u3001\u89c4\u5f8b\u6027\u548c\u8fde\u7eed\u6027\uff0c\u4f7f\u897f\u73ed\u7259\u4e0e\u4e2d\u56fd\u5176\u4ed6\u4e3b\u8981\u7684\u6b27\u6d32\u4f19\u4f34\u5904\u4e8e\u540c\u7b49\u5730\u4f4d\u3002.<\/p>\n\n<p>\u5728\u7ecf\u6d4e\u9886\u57df\uff0c\u6210\u679c\u540c\u6837\u4ee4\u4eba\u9f13\u821e\u30022025\u5e74\u8fbe\u6210\u7684\u534f\u8bae\u5df2\u521d\u663e\u6210\u6548\uff0c\u4ec5\u4e00\u5e74\u65f6\u95f4\uff0c\u897f\u73ed\u7259\u5bf9\u534e\u51fa\u53e3\u4fbf\u589e\u957f\u4e8671%\u4ee5\u4e0a\u3002 \u6851\u5207\u65af\u5bf9\u6240\u8d70\u7684\u9053\u8def\u5145\u6ee1\u4fe1\u5fc3\uff0c\u4ed6\u5f3a\u8c03\u6b64\u6b21\u8bbf\u95ee\u4e2d\u7b7e\u7f72\u7684\u65b0\u534f\u8bae\u5c06\u6709\u52a9\u4e8e\u5de9\u56fa\u8fd9\u4e00\u79ef\u6781\u8d8b\u52bf\uff0c\u7ee7\u7eed\u7ea0\u6b63\u8d38\u6613\u5931\u8861\uff0c\u671d\u7740\u5bf9\u53cc\u65b9\u800c\u8a00\u65e5\u76ca\u516c\u5e73\u3001\u5e73\u8861\u7684\u7ecf\u6d4e\u5173\u7cfb\u8fc8\u8fdb\u3002.<\/p>\n\n<p>\u4f5c\u4e3a\u6b64\u6b21\u8bbf\u95ee\u7684\u6210\u679c\uff0c\u897f\u73ed\u7259\u548c\u4e2d\u56fd\u5c06\u7b7e\u7f72\u4e00\u9879\u96c4\u5fc3\u52c3\u52c3\u7684\u534f\u8bae\uff0c\u65e8\u5728\u4fc3\u8fdb\u897f\u73ed\u7259\u4ea7\u54c1\u8fdb\u5165\u4e2d\u56fd\u5e02\u573a\uff0c\u63a8\u52a8\u53cc\u65b9\u76f8\u4e92\u6295\u8d44\uff0c\u5e76\u5728\u4ea4\u901a\u548c\u57fa\u7840\u8bbe\u65bd\u7b49\u6218\u7565\u90e8\u95e8\u5f00\u53d1\u8054\u5408\u9879\u76ee\u3002\u6b63\u5982\u603b\u7edf\u6240\u8bf4\uff1a\u00ab\u5982\u679c\u6211\u4eec\u5e0c\u671b\u5168\u7403\u5316\u7ecf\u6d4e\u7ee7\u7eed\u6210\u4e3a\u6240\u6709\u4eba\u7684\u673a\u4f1a\uff0c\u6211\u4eec\u5c31\u9700\u8981\u516c\u5e73\u7684\u4f9b\u5e94\u94fe\uff0c\u4e3a\u4e2d\u56fd\u7684\u6240\u6709\u5730\u533a\u4ee5\u53ca\u897f\u73ed\u7259\u7684\u6240\u6709\u5730\u533a\u521b\u9020\u5c31\u4e1a\u548c\u7e41\u8363\u3002\u00bb \u201c\u5408\u4f5c\u3001\u516c\u5e73\u548c\u5171\u540c\u672a\u6765\u7684\u4fe1\u606f\u5b8c\u7f8e\u5730\u5b9a\u4e49\u4e86\u4e2d\u897f\u5173\u7cfb\u65b0\u65f6\u671f\u7684\u7cbe\u795e\u3002\u201d.<\/p>\n\n\n\n<p class=\"wp-block-paragraph\"><\/p>","protected":false},"excerpt":{"rendered":"<p>El presidente del Gobierno, Pedro S\u00e1nchez, ha mantenido un hist\u00f3rico encuentro con el presidente de la Rep\u00fablica Popular China, Xi Jinping, en el emblem\u00e1tico Gran Palacio del Pueblo de Pek\u00edn. Un momento cargado de simbolismo y esperanza, en el que Espa\u00f1a reafirm\u00f3 su firme compromiso de seguir fortaleciendo los lazos bilaterales con China, coronando el [&#8230;]\n","protected":false},"author":2,"featured_media":608,"comment_status":"closed","ping_status":"open","sticky":false,"template":"","format":"standard","meta":{"footnotes":""},"categories":[96],"tags":[],"class_list":["post-654","post","type-post","status-publish","format-standard","has-post-thumbnail","hentry","category-politica"],"yoast_head":"<!-- This site is optimized with the Yoast SEO plugin v28.3 - https:\/\/yoast.com\/product\/yoast-seo-wordpress\/ -->\n<title>La visita del presidente del Gobierno a china refuerza los lazos entre ambos pa\u00edses. - ACIIEC<\/title>\n<meta name=\"robots\" content=\"index, follow, max-snippet:-1, max-image-preview:large, max-video-preview:-1\" \/>\n<link rel=\"canonical\" href=\"https:\/\/aciiec.org\/zh\/2026\/04\/14\/\u897f\u73ed\u7259\u9996\u76f8\u8bbf\u534e\uff0c\u5de9\u56fa\u4e86\u4e24\u56fd\u5173\u7cfb\/\" \/>\n<meta property=\"og:locale\" content=\"zh_CN\" \/>\n<meta property=\"og:type\" content=\"article\" \/>\n<meta property=\"og:title\" content=\"La visita del presidente del Gobierno a china refuerza los lazos entre ambos pa\u00edses. - ACIIEC\" \/>\n<meta property=\"og:description\" content=\"El presidente del Gobierno, Pedro S\u00e1nchez, ha mantenido un hist\u00f3rico encuentro con el presidente de la Rep\u00fablica Popular China, Xi Jinping, en el emblem\u00e1tico Gran Palacio del Pueblo de Pek\u00edn. Un momento cargado de simbolismo y esperanza, en el que Espa\u00f1a reafirm\u00f3 su firme compromiso de seguir fortaleciendo los lazos bilaterales con China, coronando el [...]\" \/>\n<meta property=\"og:url\" content=\"https:\/\/aciiec.org\/zh\/2026\/04\/14\/\u897f\u73ed\u7259\u9996\u76f8\u8bbf\u534e\uff0c\u5de9\u56fa\u4e86\u4e24\u56fd\u5173\u7cfb\/\" \/>\n<meta property=\"og:site_name\" content=\"ACIIEC\" \/>\n<meta property=\"article:published_time\" content=\"2026-04-14T21:21:55+00:00\" \/>\n<meta property=\"article:modified_time\" content=\"2026-08-11T22:48:45+00:00\" \/>\n<meta property=\"og:image\" content=\"https:\/\/aciiec.org\/wp-content\/uploads\/2026\/05\/sanchez.png\" \/>\n\t<meta property=\"og:image:width\" content=\"600\" \/>\n\t<meta property=\"og:image:height\" content=\"400\" \/>\n\t<meta property=\"og:image:type\" content=\"image\/png\" \/>\n<meta name=\"author\" content=\"Ina Wang\" \/>\n<meta name=\"twitter:card\" content=\"summary_large_image\" \/>\n<meta name=\"twitter:label1\" content=\"\u4f5c\u8005\" \/>\n\t<meta name=\"twitter:data1\" content=\"Ina Wang\" \/>\n\t<meta name=\"twitter:label2\" content=\"\u9884\u8ba1\u9605\u8bfb\u65f6\u95f4\" \/>\n\t<meta name=\"twitter:data2\" content=\"2 \u5206\" \/>\n<script type=\"application\/ld+json\" class=\"yoast-schema-graph\">{\"@context\":\"https:\\\/\\\/schema.org\",\"@graph\":[{\"@type\":\"Article\",\"@id\":\"https:\\\/\\\/aciiec.org\\\/2026\\\/04\\\/14\\\/la-visita-del-presidente-del-gobierno-a-china-refuerza-los-lazos-entre-ambos-paises\\\/#article\",\"isPartOf\":{\"@id\":\"https:\\\/\\\/aciiec.org\\\/2026\\\/04\\\/14\\\/la-visita-del-presidente-del-gobierno-a-china-refuerza-los-lazos-entre-ambos-paises\\\/\"},\"author\":{\"name\":\"Ina Wang\",\"@id\":\"https:\\\/\\\/aciiec.org\\\/#\\\/schema\\\/person\\\/96134fc23b0fc219f6947401bd746e7c\"},\"headline\":\"La visita del presidente del Gobierno a china refuerza los lazos entre ambos pa\u00edses.\",\"datePublished\":\"2026-04-14T21:21:55+00:00\",\"dateModified\":\"2026-08-11T22:48:45+00:00\",\"mainEntityOfPage\":{\"@id\":\"https:\\\/\\\/aciiec.org\\\/2026\\\/04\\\/14\\\/la-visita-del-presidente-del-gobierno-a-china-refuerza-los-lazos-entre-ambos-paises\\\/\"},\"wordCount\":409,\"publisher\":{\"@id\":\"https:\\\/\\\/aciiec.org\\\/#organization\"},\"image\":{\"@id\":\"https:\\\/\\\/aciiec.org\\\/2026\\\/04\\\/14\\\/la-visita-del-presidente-del-gobierno-a-china-refuerza-los-lazos-entre-ambos-paises\\\/#primaryimage\"},\"thumbnailUrl\":\"https:\\\/\\\/aciiec.org\\\/wp-content\\\/uploads\\\/2026\\\/05\\\/sanchez.png\",\"articleSection\":[\"Pol\u00edtica\"],\"inLanguage\":\"zh-Hans\"},{\"@type\":\"WebPage\",\"@id\":\"https:\\\/\\\/aciiec.org\\\/2026\\\/04\\\/14\\\/la-visita-del-presidente-del-gobierno-a-china-refuerza-los-lazos-entre-ambos-paises\\\/\",\"url\":\"https:\\\/\\\/aciiec.org\\\/2026\\\/04\\\/14\\\/la-visita-del-presidente-del-gobierno-a-china-refuerza-los-lazos-entre-ambos-paises\\\/\",\"name\":\"La visita del presidente del Gobierno a china refuerza los lazos entre ambos pa\u00edses. - ACIIEC\",\"isPartOf\":{\"@id\":\"https:\\\/\\\/aciiec.org\\\/#website\"},\"primaryImageOfPage\":{\"@id\":\"https:\\\/\\\/aciiec.org\\\/2026\\\/04\\\/14\\\/la-visita-del-presidente-del-gobierno-a-china-refuerza-los-lazos-entre-ambos-paises\\\/#primaryimage\"},\"image\":{\"@id\":\"https:\\\/\\\/aciiec.org\\\/2026\\\/04\\\/14\\\/la-visita-del-presidente-del-gobierno-a-china-refuerza-los-lazos-entre-ambos-paises\\\/#primaryimage\"},\"thumbnailUrl\":\"https:\\\/\\\/aciiec.org\\\/wp-content\\\/uploads\\\/2026\\\/05\\\/sanchez.png\",\"datePublished\":\"2026-04-14T21:21:55+00:00\",\"dateModified\":\"2026-08-11T22:48:45+00:00\",\"breadcrumb\":{\"@id\":\"https:\\\/\\\/aciiec.org\\\/2026\\\/04\\\/14\\\/la-visita-del-presidente-del-gobierno-a-china-refuerza-los-lazos-entre-ambos-paises\\\/#breadcrumb\"},\"inLanguage\":\"zh-Hans\",\"potentialAction\":[{\"@type\":\"ReadAction\",\"target\":[\"https:\\\/\\\/aciiec.org\\\/2026\\\/04\\\/14\\\/la-visita-del-presidente-del-gobierno-a-china-refuerza-los-lazos-entre-ambos-paises\\\/\"]}]},{\"@type\":\"ImageObject\",\"inLanguage\":\"zh-Hans\",\"@id\":\"https:\\\/\\\/aciiec.org\\\/2026\\\/04\\\/14\\\/la-visita-del-presidente-del-gobierno-a-china-refuerza-los-lazos-entre-ambos-paises\\\/#primaryimage\",\"url\":\"https:\\\/\\\/aciiec.org\\\/wp-content\\\/uploads\\\/2026\\\/05\\\/sanchez.png\",\"contentUrl\":\"https:\\\/\\\/aciiec.org\\\/wp-content\\\/uploads\\\/2026\\\/05\\\/sanchez.png\",\"width\":600,\"height\":400},{\"@type\":\"BreadcrumbList\",\"@id\":\"https:\\\/\\\/aciiec.org\\\/2026\\\/04\\\/14\\\/la-visita-del-presidente-del-gobierno-a-china-refuerza-los-lazos-entre-ambos-paises\\\/#breadcrumb\",\"itemListElement\":[{\"@type\":\"ListItem\",\"position\":1,\"name\":\"Portada\",\"item\":\"https:\\\/\\\/aciiec.org\\\/\"},{\"@type\":\"ListItem\",\"position\":2,\"name\":\"La visita del presidente del Gobierno a china refuerza los lazos entre ambos pa\u00edses.\"}]},{\"@type\":\"WebSite\",\"@id\":\"https:\\\/\\\/aciiec.org\\\/#website\",\"url\":\"https:\\\/\\\/aciiec.org\\\/\",\"name\":\"ACIIEC\",\"description\":\"Asociaci\u00f3n para la Cooperaci\u00f3n Industrial y de Ingenier\u00eda Espa\u00f1a-China\",\"publisher\":{\"@id\":\"https:\\\/\\\/aciiec.org\\\/#organization\"},\"potentialAction\":[{\"@type\":\"SearchAction\",\"target\":{\"@type\":\"EntryPoint\",\"urlTemplate\":\"https:\\\/\\\/aciiec.org\\\/?s={search_term_string}\"},\"query-input\":{\"@type\":\"PropertyValueSpecification\",\"valueRequired\":true,\"valueName\":\"search_term_string\"}}],\"inLanguage\":\"zh-Hans\"},{\"@type\":\"Organization\",\"@id\":\"https:\\\/\\\/aciiec.org\\\/#organization\",\"name\":\"ACIIEC\",\"url\":\"https:\\\/\\\/aciiec.org\\\/\",\"logo\":{\"@type\":\"ImageObject\",\"inLanguage\":\"zh-Hans\",\"@id\":\"https:\\\/\\\/aciiec.org\\\/#\\\/schema\\\/logo\\\/image\\\/\",\"url\":\"https:\\\/\\\/aciiec.org\\\/wp-content\\\/uploads\\\/2026\\\/05\\\/aciiec.png\",\"contentUrl\":\"https:\\\/\\\/aciiec.org\\\/wp-content\\\/uploads\\\/2026\\\/05\\\/aciiec.png\",\"width\":832,\"height\":300,\"caption\":\"ACIIEC\"},\"image\":{\"@id\":\"https:\\\/\\\/aciiec.org\\\/#\\\/schema\\\/logo\\\/image\\\/\"},\"sameAs\":[\"https:\\\/\\\/www.linkedin.com\\\/company\\\/aciiec-asociacin-para-la-cooperacin-industrial-y-de-ingeniera-espaa-china\"]},{\"@type\":\"Person\",\"@id\":\"https:\\\/\\\/aciiec.org\\\/#\\\/schema\\\/person\\\/96134fc23b0fc219f6947401bd746e7c\",\"name\":\"Ina Wang\",\"image\":{\"@type\":\"ImageObject\",\"inLanguage\":\"zh-Hans\",\"@id\":\"https:\\\/\\\/secure.gravatar.com\\\/avatar\\\/608ebb36afb0d638dff9f1a412da339dec9a4878e2c966f75c4573297d1708aa?s=96&d=mm&r=g\",\"url\":\"https:\\\/\\\/secure.gravatar.com\\\/avatar\\\/608ebb36afb0d638dff9f1a412da339dec9a4878e2c966f75c4573297d1708aa?s=96&d=mm&r=g\",\"contentUrl\":\"https:\\\/\\\/secure.gravatar.com\\\/avatar\\\/608ebb36afb0d638dff9f1a412da339dec9a4878e2c966f75c4573297d1708aa?s=96&d=mm&r=g\",\"caption\":\"Ina Wang\"},\"url\":\"https:\\\/\\\/aciiec.org\\\/zh\\\/author\\\/ina_wang\\\/\"}]}<\/script>\n<!-- \/ Yoast SEO plugin. -->","yoast_head_json":{"title":"\u653f\u5e9c\u4e3b\u5e2d\u5bf9\u4e2d\u56fd\u7684\u8bbf\u95ee\u52a0\u5f3a\u4e86\u4e24\u56fd\u4e4b\u95f4\u7684\u8054\u7cfb\u3002- ACIIEC","robots":{"index":"index","follow":"follow","max-snippet":"max-snippet:-1","max-image-preview":"max-image-preview:large","max-video-preview":"max-video-preview:-1"},"canonical":"https:\/\/aciiec.org\/zh\/2026\/04\/14\/\u897f\u73ed\u7259\u9996\u76f8\u8bbf\u534e\uff0c\u5de9\u56fa\u4e86\u4e24\u56fd\u5173\u7cfb\/","og_locale":"zh_CN","og_type":"article","og_title":"La visita del presidente del Gobierno a china refuerza los lazos entre ambos pa\u00edses. - ACIIEC","og_description":"El presidente del Gobierno, Pedro S\u00e1nchez, ha mantenido un hist\u00f3rico encuentro con el presidente de la Rep\u00fablica Popular China, Xi Jinping, en el emblem\u00e1tico Gran Palacio del Pueblo de Pek\u00edn. Un momento cargado de simbolismo y esperanza, en el que Espa\u00f1a reafirm\u00f3 su firme compromiso de seguir fortaleciendo los lazos bilaterales con China, coronando el [...]","og_url":"https:\/\/aciiec.org\/zh\/2026\/04\/14\/\u897f\u73ed\u7259\u9996\u76f8\u8bbf\u534e\uff0c\u5de9\u56fa\u4e86\u4e24\u56fd\u5173\u7cfb\/","og_site_name":"ACIIEC","article_published_time":"2026-04-14T21:21:55+00:00","article_modified_time":"2026-08-11T22:48:45+00:00","og_image":[{"width":600,"height":400,"url":"https:\/\/aciiec.org\/wp-content\/uploads\/2026\/05\/sanchez.png","type":"image\/png"}],"author":"Ina Wang","twitter_card":"summary_large_image","twitter_misc":{"\u4f5c\u8005":"Ina Wang","\u9884\u8ba1\u9605\u8bfb\u65f6\u95f4":"2 \u5206"},"schema":{"@context":"https:\/\/schema.org","@graph":[{"@type":"Article","@id":"https:\/\/aciiec.org\/2026\/04\/14\/la-visita-del-presidente-del-gobierno-a-china-refuerza-los-lazos-entre-ambos-paises\/#article","isPartOf":{"@id":"https:\/\/aciiec.org\/2026\/04\/14\/la-visita-del-presidente-del-gobierno-a-china-refuerza-los-lazos-entre-ambos-paises\/"},"author":{"name":"Ina Wang","@id":"https:\/\/aciiec.org\/#\/schema\/person\/96134fc23b0fc219f6947401bd746e7c"},"headline":"La visita del presidente del Gobierno a china refuerza los lazos entre ambos pa\u00edses.","datePublished":"2026-04-14T21:21:55+00:00","dateModified":"2026-08-11T22:48:45+00:00","mainEntityOfPage":{"@id":"https:\/\/aciiec.org\/2026\/04\/14\/la-visita-del-presidente-del-gobierno-a-china-refuerza-los-lazos-entre-ambos-paises\/"},"wordCount":409,"publisher":{"@id":"https:\/\/aciiec.org\/#organization"},"image":{"@id":"https:\/\/aciiec.org\/2026\/04\/14\/la-visita-del-presidente-del-gobierno-a-china-refuerza-los-lazos-entre-ambos-paises\/#primaryimage"},"thumbnailUrl":"https:\/\/aciiec.org\/wp-content\/uploads\/2026\/05\/sanchez.png","articleSection":["Pol\u00edtica"],"inLanguage":"zh-Hans"},{"@type":"WebPage","@id":"https:\/\/aciiec.org\/2026\/04\/14\/la-visita-del-presidente-del-gobierno-a-china-refuerza-los-lazos-entre-ambos-paises\/","url":"https:\/\/aciiec.org\/2026\/04\/14\/la-visita-del-presidente-del-gobierno-a-china-refuerza-los-lazos-entre-ambos-paises\/","name":"\u653f\u5e9c\u4e3b\u5e2d\u5bf9\u4e2d\u56fd\u7684\u8bbf\u95ee\u52a0\u5f3a\u4e86\u4e24\u56fd\u4e4b\u95f4\u7684\u8054\u7cfb\u3002- ACIIEC","isPartOf":{"@id":"https:\/\/aciiec.org\/#website"},"primaryImageOfPage":{"@id":"https:\/\/aciiec.org\/2026\/04\/14\/la-visita-del-presidente-del-gobierno-a-china-refuerza-los-lazos-entre-ambos-paises\/#primaryimage"},"image":{"@id":"https:\/\/aciiec.org\/2026\/04\/14\/la-visita-del-presidente-del-gobierno-a-china-refuerza-los-lazos-entre-ambos-paises\/#primaryimage"},"thumbnailUrl":"https:\/\/aciiec.org\/wp-content\/uploads\/2026\/05\/sanchez.png","datePublished":"2026-04-14T21:21:55+00:00","dateModified":"2026-08-11T22:48:45+00:00","breadcrumb":{"@id":"https:\/\/aciiec.org\/2026\/04\/14\/la-visita-del-presidente-del-gobierno-a-china-refuerza-los-lazos-entre-ambos-paises\/#breadcrumb"},"inLanguage":"zh-Hans","potentialAction":[{"@type":"ReadAction","target":["https:\/\/aciiec.org\/2026\/04\/14\/la-visita-del-presidente-del-gobierno-a-china-refuerza-los-lazos-entre-ambos-paises\/"]}]},{"@type":"ImageObject","inLanguage":"zh-Hans","@id":"https:\/\/aciiec.org\/2026\/04\/14\/la-visita-del-presidente-del-gobierno-a-china-refuerza-los-lazos-entre-ambos-paises\/#primaryimage","url":"https:\/\/aciiec.org\/wp-content\/uploads\/2026\/05\/sanchez.png","contentUrl":"https:\/\/aciiec.org\/wp-content\/uploads\/2026\/05\/sanchez.png","width":600,"height":400},{"@type":"BreadcrumbList","@id":"https:\/\/aciiec.org\/2026\/04\/14\/la-visita-del-presidente-del-gobierno-a-china-refuerza-los-lazos-entre-ambos-paises\/#breadcrumb","itemListElement":[{"@type":"ListItem","position":1,"name":"Portada","item":"https:\/\/aciiec.org\/"},{"@type":"ListItem","position":2,"name":"La visita del presidente del Gobierno a china refuerza los lazos entre ambos pa\u00edses."}]},{"@type":"WebSite","@id":"https:\/\/aciiec.org\/#website","url":"https:\/\/aciiec.org\/","name":"ACIIEC","description":"\u897f\u73ed\u7259-\u4e2d\u56fd\u5de5\u4e1a\u4e0e\u5de5\u7a0b\u5408\u4f5c\u534f\u4f1a","publisher":{"@id":"https:\/\/aciiec.org\/#organization"},"potentialAction":[{"@type":"SearchAction","target":{"@type":"EntryPoint","urlTemplate":"https:\/\/aciiec.org\/?s={search_term_string}"},"query-input":{"@type":"PropertyValueSpecification","valueRequired":true,"valueName":"search_term_string"}}],"inLanguage":"zh-Hans"},{"@type":"Organization","@id":"https:\/\/aciiec.org\/#organization","name":"ACIIEC","url":"https:\/\/aciiec.org\/","logo":{"@type":"ImageObject","inLanguage":"zh-Hans","@id":"https:\/\/aciiec.org\/#\/schema\/logo\/image\/","url":"https:\/\/aciiec.org\/wp-content\/uploads\/2026\/05\/aciiec.png","contentUrl":"https:\/\/aciiec.org\/wp-content\/uploads\/2026\/05\/aciiec.png","width":832,"height":300,"caption":"ACIIEC"},"image":{"@id":"https:\/\/aciiec.org\/#\/schema\/logo\/image\/"},"sameAs":["https:\/\/www.linkedin.com\/company\/aciiec-asociacin-para-la-cooperacin-industrial-y-de-ingeniera-espaa-china"]},{"@type":"Person","@id":"https:\/\/aciiec.org\/#\/schema\/person\/96134fc23b0fc219f6947401bd746e7c","name":"\u738b\u4f0a\u5a1c","image":{"@type":"ImageObject","inLanguage":"zh-Hans","@id":"https:\/\/secure.gravatar.com\/avatar\/608ebb36afb0d638dff9f1a412da339dec9a4878e2c966f75c4573297d1708aa?s=96&d=mm&r=g","url":"https:\/\/secure.gravatar.com\/avatar\/608ebb36afb0d638dff9f1a412da339dec9a4878e2c966f75c4573297d1708aa?s=96&d=mm&r=g","contentUrl":"https:\/\/secure.gravatar.com\/avatar\/608ebb36afb0d638dff9f1a412da339dec9a4878e2c966f75c4573297d1708aa?s=96&d=mm&r=g","caption":"Ina Wang"},"url":"https:\/\/aciiec.org\/zh\/author\/ina_wang\/"}]}},"_links":{"self":[{"href":"https:\/\/aciiec.org\/zh\/wp-json\/wp\/v2\/posts\/654","targetHints":{"allow":["GET"]}}],"collection":[{"href":"https:\/\/aciiec.org\/zh\/wp-json\/wp\/v2\/posts"}],"about":[{"href":"https:\/\/aciiec.org\/zh\/wp-json\/wp\/v2\/types\/post"}],"author":[{"embeddable":true,"href":"https:\/\/aciiec.org\/zh\/wp-json\/wp\/v2\/users\/2"}],"replies":[{"embeddable":true,"href":"https:\/\/aciiec.org\/zh\/wp-json\/wp\/v2\/comments?post=654"}],"version-history":[{"count":1,"href":"https:\/\/aciiec.org\/zh\/wp-json\/wp\/v2\/posts\/654\/revisions"}],"predecessor-version":[{"id":655,"href":"https:\/\/aciiec.org\/zh\/wp-json\/wp\/v2\/posts\/654\/revisions\/655"}],"wp:featuredmedia":[{"embeddable":true,"href":"https:\/\/aciiec.org\/zh\/wp-json\/wp\/v2\/media\/608"}],"wp:attachment":[{"href":"https:\/\/aciiec.org\/zh\/wp-json\/wp\/v2\/media?parent=654"}],"wp:term":[{"taxonomy":"category","embeddable":true,"href":"https:\/\/aciiec.org\/zh\/wp-json\/wp\/v2\/categories?post=654"},{"taxonomy":"post_tag","embeddable":true,"href":"https:\/\/aciiec.org\/zh\/wp-json\/wp\/v2\/tags?post=654"}],"curies":[{"name":"wp","href":"https:\/\/api.w.org\/{rel}","templated":true}]}}