{"id":866,"date":"2026-08-25T21:54:30","date_gmt":"2026-08-25T21:54:30","guid":{"rendered":"https:\/\/aciiec.org\/?p=866"},"modified":"2026-08-25T22:00:37","modified_gmt":"2026-08-25T22:00:37","slug":"spain-the-great-showcase-for-european-and-chinese-automotive-in-the-coming-years","status":"publish","type":"post","link":"https:\/\/aciiec.org\/en\/2026\/08\/25\/espana-el-gran-escaparate-para-la-automocion-europea-y-china-en-los-proximos-anos\/","title":{"rendered":"Spain, the great showcase for European and Chinese automotive in the coming years"},"content":{"rendered":"<p class=\"wp-block-paragraph\">Spain has become one of the main destinations for Chinese investment in Europe in the automotive sector, with the forecast of new multi-million-euro revenue sources that will boost \u2018Made in Spain\u2019 production in the coming years, turning the country into one of the main industrial hubs in the European market.<\/p>\n\n\n\n<p class=\"wp-block-paragraph\">The latest development reinforcing this trend is the agreement reached between Ford and Geely regarding the Almussafes plant in Valencia. The two companies will establish a joint venture that will begin operations in 2027, in which the Asian manufacturer will hold a 34% stake in the joint venture after making an investment of 221 million euros, with the goal of manufacturing five models for the European market starting in 2028, two of which will be electric vehicles produced by the Asian company.<\/p>\n\n\n\n<p class=\"wp-block-paragraph\">With the arrival of Geely, the Valencian plant not only ensures its industrial continuity, but also aims to recover productive capacity lost in recent years (it produced more than 420,000 cars in 2016), in addition to preserving employment and strengthening the supplier network of the Valencian Community.<\/p>\n\n\n\n<p class=\"wp-block-paragraph\">For its part, the SAIC Motor group (owner of the MG brand) announced last June its arrival in Spain, specifically in the Galician town of Ferrol, where it will create its first vehicle factory in continental Europe through an investment of 200 million euros in its first implementation phase.<\/p>\n\n\n\n<p class=\"wp-block-paragraph\">Thus, the works in the Galician town will begin at the beginning of next year in order to have the headquarters fully operational by the end of 2028, where there will be more than 2,300 employees and some 120,000 vehicles will be assembled per year.<\/p>\n\n\n\n<p class=\"wp-block-paragraph\"><strong>LEAPMOTOR WILL PRODUCE CARS IN MADRID AND ZARAGOZA<\/strong><\/p>\n\n\n\n<p class=\"wp-block-paragraph\">On the other hand, Stellantis agreed last May to transfer the Villaverde plant (Madrid) to the Chinese firm Leapmotor, with which it has had a joint venture since 2024, as well as the allocation of two D-segment models to this same location by 2028, once the production of the Citro\u00ebn C4, the \u00eb-C4, and the C4 X and \u00eb-C4 X variants\u2014which are currently the models assembled at the Villaverde facility\u2014concludes.<\/p>\n\n\n\n<p class=\"wp-block-paragraph\">Similarly, Leapmotor will assemble a new Opel 100% electric SUV at the Figueruelas plant (Zaragoza) by the same date.<\/p>\n\n\n\n<p class=\"wp-block-paragraph\">As explained by the Chinese ambassador to Spain, Yao Jing, in statements reported by Bloomberg, Leapmotor will allocate around 200 million euros to adapt the Stellantis factory in Figueruelas. Regarding Villaverde, the investment has not yet been officially detailed, although similar figures are projected.<\/p>\n\n\n\n<p class=\"wp-block-paragraph\"><strong>SANTANA<\/strong><\/p>\n\n\n\n<p class=\"wp-block-paragraph\">Meanwhile, in Linares (Ja\u00e9n), Santana Motors returned to the Spanish automotive market through a joint venture between Chinese manufacturers Anhui Coronet and Zhengzhou Nissan Automobile (ZNA). However, the firm from Ja\u00e9n agreed to another alliance with the manufacturer BAIC Motors, in which the Spanish company will be the exclusive partner of the Asian firm and will market its range of vehicles under the Andalusian brand. The total estimated investment for the next three fiscal years amounts to more than 80 million euros.<\/p>\n\n\n\n<p class=\"wp-block-paragraph\"><strong>RENAULT AND VOLKSWAGEN GROUP<\/strong><\/p>\n\n\n\n<p class=\"wp-block-paragraph\">Manufacturers with a deep-rooted history in the Spanish market, such as Renault and the Volkswagen Group, are also utilizing the potential of their plants in Spain to open up their vehicle portfolios to electrification.<\/p>\n\n\n\n<p class=\"wp-block-paragraph\">On the French side, last May Renault announced that it had been awarded contracts for five electrified models to be produced in the coming years at its plants in Palencia and Valladolid, two of which would be all-electric 100% models and the rest hybrids.<\/p>\n\n\n\n<p class=\"wp-block-paragraph\">The Volkswagen Group has also placed Spain at the center of its electrification strategy with the production of new urban battery-powered models. The Martorell plant (Barcelona) will manufacture the Cupra Raval and the Volkswagen ID. Polo, while the Landaben factory in Pamplona (Navarra) will assemble the Skoda Epiq, all of them developed on the MEB platform.<\/p>\n\n\n\n<p class=\"wp-block-paragraph\">These investments are part of the German group's business project valued at around 7 billion euros, corresponding to its investments in Volkswagen, Skoda, Seat &amp; Cupra, and the future PowerCo battery plant in Sagunto (Valencia).<\/p>\n\n\n\n<p class=\"wp-block-paragraph\"><strong>BATTERY INDUSTRY, ANOTHER GOLD MINE<\/strong><\/p>\n\n\n\n<p class=\"wp-block-paragraph\">In addition to car manufacturing itself, Spain is also standing out for attracting Chinese investments to boost battery production.<\/p>\n\n\n\n<p class=\"wp-block-paragraph\">Among them stands out the battery gigafactory that the Chinese group CATL will build alongside Stellantis in Zaragoza, Envision AESC's investments in Navalmoral de la Mata (C\u00e1ceres), the arrival of Chery at the former Nissan plant in the Barcelona Free Trade Zone alongside Ebro, and the industrial projects driven by companies such as Gotion, Hygreen, Dynanonic, or CNGR in various parts of the country.<\/p>\n\n\n\n<p class=\"wp-block-paragraph\">Source: Europa Press<\/p>","protected":false},"excerpt":{"rendered":"<p>Espa\u00f1a se ha convertido en uno de los principales destinos de inversi\u00f3n china en Europa en el sector automovil\u00edstico, con la previsi\u00f3n de nuevas fuentes de ingresos multimillonarios que incentivar\u00e1n la producci\u00f3n &#8216;Made in Spain&#8217; en los pr\u00f3ximos a\u00f1os, convirtiendo al pa\u00eds en uno de los principales centros industriales en el mercado europeo. La \u00faltima [&#8230;]\n","protected":false},"author":2,"featured_media":869,"comment_status":"closed","ping_status":"closed","sticky":false,"template":"","format":"standard","meta":{"footnotes":""},"categories":[101,99],"tags":[21,113],"class_list":["post-866","post","type-post","status-publish","format-standard","has-post-thumbnail","hentry","category-cooperacion","category-vehiculo-electrrico","tag-colaboracion_hispano-china","tag-vehiculo-electrico"],"yoast_head":"<!-- This site is optimized with the Yoast SEO plugin v28.3 - https:\/\/yoast.com\/product\/yoast-seo-wordpress\/ -->\n<title>Espa\u00f1a, el gran escaparate para la automoci\u00f3n europea y China en los pr\u00f3ximos a\u00f1os - ACIIEC<\/title>\n<meta name=\"robots\" content=\"index, follow, max-snippet:-1, max-image-preview:large, max-video-preview:-1\" \/>\n<link rel=\"canonical\" href=\"https:\/\/aciiec.org\/en\/2026\/08\/25\/spain-the-great-showcase-for-european-and-chinese-automotive-in-the-coming-years\/\" \/>\n<meta property=\"og:locale\" content=\"en_US\" \/>\n<meta property=\"og:type\" content=\"article\" \/>\n<meta property=\"og:title\" content=\"Espa\u00f1a, el gran escaparate para la automoci\u00f3n europea y China en los pr\u00f3ximos a\u00f1os - ACIIEC\" \/>\n<meta property=\"og:description\" content=\"Espa\u00f1a se ha convertido en uno de los principales destinos de inversi\u00f3n china en Europa en el sector automovil\u00edstico, con la previsi\u00f3n de nuevas fuentes de ingresos multimillonarios que incentivar\u00e1n la producci\u00f3n &#8216;Made in Spain&#8217; en los pr\u00f3ximos a\u00f1os, convirtiendo al pa\u00eds en uno de los principales centros industriales en el mercado europeo. La \u00faltima [...]\" \/>\n<meta property=\"og:url\" content=\"https:\/\/aciiec.org\/en\/2026\/08\/25\/spain-the-great-showcase-for-european-and-chinese-automotive-in-the-coming-years\/\" \/>\n<meta property=\"og:site_name\" content=\"ACIIEC\" \/>\n<meta property=\"article:published_time\" content=\"2026-08-25T21:54:30+00:00\" \/>\n<meta property=\"article:modified_time\" content=\"2026-08-25T22:00:37+00:00\" \/>\n<meta property=\"og:image\" content=\"https:\/\/aciiec.org\/wp-content\/uploads\/2026\/08\/Imagen1.jpg\" \/>\n\t<meta property=\"og:image:width\" content=\"532\" \/>\n\t<meta property=\"og:image:height\" content=\"355\" \/>\n\t<meta property=\"og:image:type\" content=\"image\/jpeg\" \/>\n<meta name=\"author\" content=\"Ina Wang\" \/>\n<meta name=\"twitter:card\" content=\"summary_large_image\" \/>\n<meta name=\"twitter:label1\" content=\"Written by\" \/>\n\t<meta name=\"twitter:data1\" content=\"Ina Wang\" \/>\n\t<meta name=\"twitter:label2\" content=\"Est. reading time\" \/>\n\t<meta name=\"twitter:data2\" content=\"4 minutes\" \/>\n<script type=\"application\/ld+json\" class=\"yoast-schema-graph\">{\"@context\":\"https:\\\/\\\/schema.org\",\"@graph\":[{\"@type\":\"Article\",\"@id\":\"https:\\\/\\\/aciiec.org\\\/2026\\\/08\\\/25\\\/espana-el-gran-escaparate-para-la-automocion-europea-y-china-en-los-proximos-anos\\\/#article\",\"isPartOf\":{\"@id\":\"https:\\\/\\\/aciiec.org\\\/2026\\\/08\\\/25\\\/espana-el-gran-escaparate-para-la-automocion-europea-y-china-en-los-proximos-anos\\\/\"},\"author\":{\"name\":\"Ina Wang\",\"@id\":\"https:\\\/\\\/aciiec.org\\\/#\\\/schema\\\/person\\\/96134fc23b0fc219f6947401bd746e7c\"},\"headline\":\"Espa\u00f1a, el gran escaparate para la automoci\u00f3n europea y China en los pr\u00f3ximos a\u00f1os\",\"datePublished\":\"2026-08-25T21:54:30+00:00\",\"dateModified\":\"2026-08-25T22:00:37+00:00\",\"mainEntityOfPage\":{\"@id\":\"https:\\\/\\\/aciiec.org\\\/2026\\\/08\\\/25\\\/espana-el-gran-escaparate-para-la-automocion-europea-y-china-en-los-proximos-anos\\\/\"},\"wordCount\":880,\"publisher\":{\"@id\":\"https:\\\/\\\/aciiec.org\\\/#organization\"},\"image\":{\"@id\":\"https:\\\/\\\/aciiec.org\\\/2026\\\/08\\\/25\\\/espana-el-gran-escaparate-para-la-automocion-europea-y-china-en-los-proximos-anos\\\/#primaryimage\"},\"thumbnailUrl\":\"https:\\\/\\\/aciiec.org\\\/wp-content\\\/uploads\\\/2026\\\/08\\\/Imagen1.jpg\",\"keywords\":[\"Colaboraci\u00f3n Hispano-China\",\"Vehiculo el\u00e9ctrico\"],\"articleSection\":[\"Cooperaci\u00f3n\",\"Vehiculo el\u00e9ctrico\"],\"inLanguage\":\"en-US\"},{\"@type\":\"WebPage\",\"@id\":\"https:\\\/\\\/aciiec.org\\\/2026\\\/08\\\/25\\\/espana-el-gran-escaparate-para-la-automocion-europea-y-china-en-los-proximos-anos\\\/\",\"url\":\"https:\\\/\\\/aciiec.org\\\/2026\\\/08\\\/25\\\/espana-el-gran-escaparate-para-la-automocion-europea-y-china-en-los-proximos-anos\\\/\",\"name\":\"Espa\u00f1a, el gran escaparate para la automoci\u00f3n europea y China en los pr\u00f3ximos a\u00f1os - ACIIEC\",\"isPartOf\":{\"@id\":\"https:\\\/\\\/aciiec.org\\\/#website\"},\"primaryImageOfPage\":{\"@id\":\"https:\\\/\\\/aciiec.org\\\/2026\\\/08\\\/25\\\/espana-el-gran-escaparate-para-la-automocion-europea-y-china-en-los-proximos-anos\\\/#primaryimage\"},\"image\":{\"@id\":\"https:\\\/\\\/aciiec.org\\\/2026\\\/08\\\/25\\\/espana-el-gran-escaparate-para-la-automocion-europea-y-china-en-los-proximos-anos\\\/#primaryimage\"},\"thumbnailUrl\":\"https:\\\/\\\/aciiec.org\\\/wp-content\\\/uploads\\\/2026\\\/08\\\/Imagen1.jpg\",\"datePublished\":\"2026-08-25T21:54:30+00:00\",\"dateModified\":\"2026-08-25T22:00:37+00:00\",\"breadcrumb\":{\"@id\":\"https:\\\/\\\/aciiec.org\\\/2026\\\/08\\\/25\\\/espana-el-gran-escaparate-para-la-automocion-europea-y-china-en-los-proximos-anos\\\/#breadcrumb\"},\"inLanguage\":\"en-US\",\"potentialAction\":[{\"@type\":\"ReadAction\",\"target\":[\"https:\\\/\\\/aciiec.org\\\/2026\\\/08\\\/25\\\/espana-el-gran-escaparate-para-la-automocion-europea-y-china-en-los-proximos-anos\\\/\"]}]},{\"@type\":\"ImageObject\",\"inLanguage\":\"en-US\",\"@id\":\"https:\\\/\\\/aciiec.org\\\/2026\\\/08\\\/25\\\/espana-el-gran-escaparate-para-la-automocion-europea-y-china-en-los-proximos-anos\\\/#primaryimage\",\"url\":\"https:\\\/\\\/aciiec.org\\\/wp-content\\\/uploads\\\/2026\\\/08\\\/Imagen1.jpg\",\"contentUrl\":\"https:\\\/\\\/aciiec.org\\\/wp-content\\\/uploads\\\/2026\\\/08\\\/Imagen1.jpg\",\"width\":532,\"height\":355},{\"@type\":\"BreadcrumbList\",\"@id\":\"https:\\\/\\\/aciiec.org\\\/2026\\\/08\\\/25\\\/espana-el-gran-escaparate-para-la-automocion-europea-y-china-en-los-proximos-anos\\\/#breadcrumb\",\"itemListElement\":[{\"@type\":\"ListItem\",\"position\":1,\"name\":\"Portada\",\"item\":\"https:\\\/\\\/aciiec.org\\\/\"},{\"@type\":\"ListItem\",\"position\":2,\"name\":\"Espa\u00f1a, el gran escaparate para la automoci\u00f3n europea y China en los pr\u00f3ximos a\u00f1os\"}]},{\"@type\":\"WebSite\",\"@id\":\"https:\\\/\\\/aciiec.org\\\/#website\",\"url\":\"https:\\\/\\\/aciiec.org\\\/\",\"name\":\"ACIIEC\",\"description\":\"Asociaci\u00f3n para la Cooperaci\u00f3n Industrial y de Ingenier\u00eda Espa\u00f1a-China\",\"publisher\":{\"@id\":\"https:\\\/\\\/aciiec.org\\\/#organization\"},\"potentialAction\":[{\"@type\":\"SearchAction\",\"target\":{\"@type\":\"EntryPoint\",\"urlTemplate\":\"https:\\\/\\\/aciiec.org\\\/?s={search_term_string}\"},\"query-input\":{\"@type\":\"PropertyValueSpecification\",\"valueRequired\":true,\"valueName\":\"search_term_string\"}}],\"inLanguage\":\"en-US\"},{\"@type\":\"Organization\",\"@id\":\"https:\\\/\\\/aciiec.org\\\/#organization\",\"name\":\"ACIIEC\",\"url\":\"https:\\\/\\\/aciiec.org\\\/\",\"logo\":{\"@type\":\"ImageObject\",\"inLanguage\":\"en-US\",\"@id\":\"https:\\\/\\\/aciiec.org\\\/#\\\/schema\\\/logo\\\/image\\\/\",\"url\":\"https:\\\/\\\/aciiec.org\\\/wp-content\\\/uploads\\\/2026\\\/05\\\/aciiec.png\",\"contentUrl\":\"https:\\\/\\\/aciiec.org\\\/wp-content\\\/uploads\\\/2026\\\/05\\\/aciiec.png\",\"width\":832,\"height\":300,\"caption\":\"ACIIEC\"},\"image\":{\"@id\":\"https:\\\/\\\/aciiec.org\\\/#\\\/schema\\\/logo\\\/image\\\/\"},\"sameAs\":[\"https:\\\/\\\/www.linkedin.com\\\/company\\\/aciiec-asociacin-para-la-cooperacin-industrial-y-de-ingeniera-espaa-china\"]},{\"@type\":\"Person\",\"@id\":\"https:\\\/\\\/aciiec.org\\\/#\\\/schema\\\/person\\\/96134fc23b0fc219f6947401bd746e7c\",\"name\":\"Ina Wang\",\"image\":{\"@type\":\"ImageObject\",\"inLanguage\":\"en-US\",\"@id\":\"https:\\\/\\\/secure.gravatar.com\\\/avatar\\\/608ebb36afb0d638dff9f1a412da339dec9a4878e2c966f75c4573297d1708aa?s=96&d=mm&r=g\",\"url\":\"https:\\\/\\\/secure.gravatar.com\\\/avatar\\\/608ebb36afb0d638dff9f1a412da339dec9a4878e2c966f75c4573297d1708aa?s=96&d=mm&r=g\",\"contentUrl\":\"https:\\\/\\\/secure.gravatar.com\\\/avatar\\\/608ebb36afb0d638dff9f1a412da339dec9a4878e2c966f75c4573297d1708aa?s=96&d=mm&r=g\",\"caption\":\"Ina Wang\"},\"url\":\"https:\\\/\\\/aciiec.org\\\/en\\\/author\\\/ina_wang\\\/\"}]}<\/script>\n<!-- \/ Yoast SEO plugin. -->","yoast_head_json":{"title":"Spain, the great showcase for European and Chinese automotive in the coming years - ACIIEC","robots":{"index":"index","follow":"follow","max-snippet":"max-snippet:-1","max-image-preview":"max-image-preview:large","max-video-preview":"max-video-preview:-1"},"canonical":"https:\/\/aciiec.org\/en\/2026\/08\/25\/spain-the-great-showcase-for-european-and-chinese-automotive-in-the-coming-years\/","og_locale":"en_US","og_type":"article","og_title":"Espa\u00f1a, el gran escaparate para la automoci\u00f3n europea y China en los pr\u00f3ximos a\u00f1os - ACIIEC","og_description":"Espa\u00f1a se ha convertido en uno de los principales destinos de inversi\u00f3n china en Europa en el sector automovil\u00edstico, con la previsi\u00f3n de nuevas fuentes de ingresos multimillonarios que incentivar\u00e1n la producci\u00f3n &#8216;Made in Spain&#8217; en los pr\u00f3ximos a\u00f1os, convirtiendo al pa\u00eds en uno de los principales centros industriales en el mercado europeo. La \u00faltima [...]","og_url":"https:\/\/aciiec.org\/en\/2026\/08\/25\/spain-the-great-showcase-for-european-and-chinese-automotive-in-the-coming-years\/","og_site_name":"ACIIEC","article_published_time":"2026-08-25T21:54:30+00:00","article_modified_time":"2026-08-25T22:00:37+00:00","og_image":[{"width":532,"height":355,"url":"https:\/\/aciiec.org\/wp-content\/uploads\/2026\/08\/Imagen1.jpg","type":"image\/jpeg"}],"author":"Ina Wang","twitter_card":"summary_large_image","twitter_misc":{"Written by":"Ina Wang","Est. reading time":"4 minutes"},"schema":{"@context":"https:\/\/schema.org","@graph":[{"@type":"Article","@id":"https:\/\/aciiec.org\/2026\/08\/25\/espana-el-gran-escaparate-para-la-automocion-europea-y-china-en-los-proximos-anos\/#article","isPartOf":{"@id":"https:\/\/aciiec.org\/2026\/08\/25\/espana-el-gran-escaparate-para-la-automocion-europea-y-china-en-los-proximos-anos\/"},"author":{"name":"Ina Wang","@id":"https:\/\/aciiec.org\/#\/schema\/person\/96134fc23b0fc219f6947401bd746e7c"},"headline":"Espa\u00f1a, el gran escaparate para la automoci\u00f3n europea y China en los pr\u00f3ximos a\u00f1os","datePublished":"2026-08-25T21:54:30+00:00","dateModified":"2026-08-25T22:00:37+00:00","mainEntityOfPage":{"@id":"https:\/\/aciiec.org\/2026\/08\/25\/espana-el-gran-escaparate-para-la-automocion-europea-y-china-en-los-proximos-anos\/"},"wordCount":880,"publisher":{"@id":"https:\/\/aciiec.org\/#organization"},"image":{"@id":"https:\/\/aciiec.org\/2026\/08\/25\/espana-el-gran-escaparate-para-la-automocion-europea-y-china-en-los-proximos-anos\/#primaryimage"},"thumbnailUrl":"https:\/\/aciiec.org\/wp-content\/uploads\/2026\/08\/Imagen1.jpg","keywords":["Colaboraci\u00f3n Hispano-China","Vehiculo el\u00e9ctrico"],"articleSection":["Cooperaci\u00f3n","Vehiculo el\u00e9ctrico"],"inLanguage":"en-US"},{"@type":"WebPage","@id":"https:\/\/aciiec.org\/2026\/08\/25\/espana-el-gran-escaparate-para-la-automocion-europea-y-china-en-los-proximos-anos\/","url":"https:\/\/aciiec.org\/2026\/08\/25\/espana-el-gran-escaparate-para-la-automocion-europea-y-china-en-los-proximos-anos\/","name":"Spain, the great showcase for European and Chinese automotive in the coming years - ACIIEC","isPartOf":{"@id":"https:\/\/aciiec.org\/#website"},"primaryImageOfPage":{"@id":"https:\/\/aciiec.org\/2026\/08\/25\/espana-el-gran-escaparate-para-la-automocion-europea-y-china-en-los-proximos-anos\/#primaryimage"},"image":{"@id":"https:\/\/aciiec.org\/2026\/08\/25\/espana-el-gran-escaparate-para-la-automocion-europea-y-china-en-los-proximos-anos\/#primaryimage"},"thumbnailUrl":"https:\/\/aciiec.org\/wp-content\/uploads\/2026\/08\/Imagen1.jpg","datePublished":"2026-08-25T21:54:30+00:00","dateModified":"2026-08-25T22:00:37+00:00","breadcrumb":{"@id":"https:\/\/aciiec.org\/2026\/08\/25\/espana-el-gran-escaparate-para-la-automocion-europea-y-china-en-los-proximos-anos\/#breadcrumb"},"inLanguage":"en-US","potentialAction":[{"@type":"ReadAction","target":["https:\/\/aciiec.org\/2026\/08\/25\/espana-el-gran-escaparate-para-la-automocion-europea-y-china-en-los-proximos-anos\/"]}]},{"@type":"ImageObject","inLanguage":"en-US","@id":"https:\/\/aciiec.org\/2026\/08\/25\/espana-el-gran-escaparate-para-la-automocion-europea-y-china-en-los-proximos-anos\/#primaryimage","url":"https:\/\/aciiec.org\/wp-content\/uploads\/2026\/08\/Imagen1.jpg","contentUrl":"https:\/\/aciiec.org\/wp-content\/uploads\/2026\/08\/Imagen1.jpg","width":532,"height":355},{"@type":"BreadcrumbList","@id":"https:\/\/aciiec.org\/2026\/08\/25\/espana-el-gran-escaparate-para-la-automocion-europea-y-china-en-los-proximos-anos\/#breadcrumb","itemListElement":[{"@type":"ListItem","position":1,"name":"Portada","item":"https:\/\/aciiec.org\/"},{"@type":"ListItem","position":2,"name":"Espa\u00f1a, el gran escaparate para la automoci\u00f3n europea y China en los pr\u00f3ximos a\u00f1os"}]},{"@type":"WebSite","@id":"https:\/\/aciiec.org\/#website","url":"https:\/\/aciiec.org\/","name":"ACIIEC","description":"Spain-China Association for Industrial and Engineering Cooperation","publisher":{"@id":"https:\/\/aciiec.org\/#organization"},"potentialAction":[{"@type":"SearchAction","target":{"@type":"EntryPoint","urlTemplate":"https:\/\/aciiec.org\/?s={search_term_string}"},"query-input":{"@type":"PropertyValueSpecification","valueRequired":true,"valueName":"search_term_string"}}],"inLanguage":"en-US"},{"@type":"Organization","@id":"https:\/\/aciiec.org\/#organization","name":"ACIIEC","url":"https:\/\/aciiec.org\/","logo":{"@type":"ImageObject","inLanguage":"en-US","@id":"https:\/\/aciiec.org\/#\/schema\/logo\/image\/","url":"https:\/\/aciiec.org\/wp-content\/uploads\/2026\/05\/aciiec.png","contentUrl":"https:\/\/aciiec.org\/wp-content\/uploads\/2026\/05\/aciiec.png","width":832,"height":300,"caption":"ACIIEC"},"image":{"@id":"https:\/\/aciiec.org\/#\/schema\/logo\/image\/"},"sameAs":["https:\/\/www.linkedin.com\/company\/aciiec-asociacin-para-la-cooperacin-industrial-y-de-ingeniera-espaa-china"]},{"@type":"Person","@id":"https:\/\/aciiec.org\/#\/schema\/person\/96134fc23b0fc219f6947401bd746e7c","name":"Ina Wang","image":{"@type":"ImageObject","inLanguage":"en-US","@id":"https:\/\/secure.gravatar.com\/avatar\/608ebb36afb0d638dff9f1a412da339dec9a4878e2c966f75c4573297d1708aa?s=96&d=mm&r=g","url":"https:\/\/secure.gravatar.com\/avatar\/608ebb36afb0d638dff9f1a412da339dec9a4878e2c966f75c4573297d1708aa?s=96&d=mm&r=g","contentUrl":"https:\/\/secure.gravatar.com\/avatar\/608ebb36afb0d638dff9f1a412da339dec9a4878e2c966f75c4573297d1708aa?s=96&d=mm&r=g","caption":"Ina Wang"},"url":"https:\/\/aciiec.org\/en\/author\/ina_wang\/"}]}},"_links":{"self":[{"href":"https:\/\/aciiec.org\/en\/wp-json\/wp\/v2\/posts\/866","targetHints":{"allow":["GET"]}}],"collection":[{"href":"https:\/\/aciiec.org\/en\/wp-json\/wp\/v2\/posts"}],"about":[{"href":"https:\/\/aciiec.org\/en\/wp-json\/wp\/v2\/types\/post"}],"author":[{"embeddable":true,"href":"https:\/\/aciiec.org\/en\/wp-json\/wp\/v2\/users\/2"}],"replies":[{"embeddable":true,"href":"https:\/\/aciiec.org\/en\/wp-json\/wp\/v2\/comments?post=866"}],"version-history":[{"count":1,"href":"https:\/\/aciiec.org\/en\/wp-json\/wp\/v2\/posts\/866\/revisions"}],"predecessor-version":[{"id":868,"href":"https:\/\/aciiec.org\/en\/wp-json\/wp\/v2\/posts\/866\/revisions\/868"}],"wp:featuredmedia":[{"embeddable":true,"href":"https:\/\/aciiec.org\/en\/wp-json\/wp\/v2\/media\/869"}],"wp:attachment":[{"href":"https:\/\/aciiec.org\/en\/wp-json\/wp\/v2\/media?parent=866"}],"wp:term":[{"taxonomy":"category","embeddable":true,"href":"https:\/\/aciiec.org\/en\/wp-json\/wp\/v2\/categories?post=866"},{"taxonomy":"post_tag","embeddable":true,"href":"https:\/\/aciiec.org\/en\/wp-json\/wp\/v2\/tags?post=866"}],"curies":[{"name":"wp","href":"https:\/\/api.w.org\/{rel}","templated":true}]}}