{"id":863,"date":"2026-08-20T16:02:22","date_gmt":"2026-08-20T16:02:22","guid":{"rendered":"https:\/\/aciiec.org\/?p=863"},"modified":"2026-08-20T16:02:22","modified_gmt":"2026-08-20T16:02:22","slug":"the-chinese-group-saic-will-build-its-first-electric-vehicle-factory-in-europe-in-spain","status":"publish","type":"post","link":"https:\/\/aciiec.org\/en\/2026\/08\/20\/el-grupo-chino-saic-construira-en-espana-su-primera-fabrica-de-vehiculos-electricos-en-europa\/","title":{"rendered":"The Chinese group SAIC will build its first electric vehicle factory in Europe in Spain"},"content":{"rendered":"<p class=\"wp-block-paragraph\">The Chinese car manufacturer SAIC (Shanghai Automotive Industry Corporation) will build its first electric vehicle manufacturing plant in Europe in Ferrol, in the autonomous community of Galicia (Spain). The president of the Xunta de Galicia, Alfonso Rueda, announced the project in early June. According to his statements, the initial investment will amount to 200 million euros and will generate more than 2,300 jobs in the area.<\/p>\n\n\n\n<p class=\"wp-block-paragraph\">According to the official schedule, the plant will begin construction in 2027 and become operational by the end of 2028, with an annual production capacity of 120,000 vehicles. In addition, President Rueda indicated that the project includes the construction of an auxiliary industrial park near the local port, which will be responsible for the assembly and transport of the vehicles.<\/p>\n\n\n\n<p class=\"wp-block-paragraph\">The Regional Minister of Economy and Industry of the Xunta de Galicia, Mar\u00eda Jes\u00fas Lorenzana Somoza, highlighted that this project is \u00abthe largest industrial project of recent decades\u00bb in Galicia, and that it will bring extensive opportunities for economic and industrial development to the region.<\/p>\n\n\n\n<p class=\"wp-block-paragraph\">Chinese Foreign Ministry spokesperson Guo Jiakun answered questions about this project at the August 12 press conference. He indicated that China has taken note of the positive statements made by the Spanish central government and local authorities. China is willing to continuously deepen bilateral pragmatic cooperation with Spain under the principles of mutual respect and reciprocal benefit, and hopes that Spain will provide Chinese enterprises with a fair, equitable, and non-discriminatory business environment.<\/p>\n\n\n\n<p class=\"wp-block-paragraph\">Analysts point out that once the project materializes, it will not only create abundant jobs and economic opportunities in Ferrol and throughout Galicia, but will also boost the development of Spain's electric vehicle industry, leveraging SAIC's technological and supply chain advantages. The project reflects the broad prospects for mutually beneficial cooperation between China and Spain in the fields of new energy and smart manufacturing.<\/p>\n\n\n\n<p class=\"wp-block-paragraph\"><em>Note: This article has been prepared using information from Xinhua News Agency, China News Service, El Pa\u00eds, the Chinese Embassy in Spain, and Global Times.<\/em><\/p>","protected":false},"excerpt":{"rendered":"<p>El fabricante chino de autom\u00f3viles SAIC (Shanghai Automotive Industry Corporation) construir\u00e1 en Ferrol, en la comunidad aut\u00f3noma de Galicia (Espa\u00f1a), su primera planta de fabricaci\u00f3n de veh\u00edculos el\u00e9ctricos en Europa. El presidente de la Xunta de Galicia, Alfonso Rueda, anunci\u00f3 el proyecto a principios de junio. Seg\u00fan sus declaraciones, la inversi\u00f3n inicial ascender\u00e1 a 200 [&#8230;]\n","protected":false},"author":2,"featured_media":864,"comment_status":"closed","ping_status":"closed","sticky":false,"template":"","format":"standard","meta":{"footnotes":""},"categories":[99],"tags":[114,105,113],"class_list":["post-863","post","type-post","status-publish","format-standard","has-post-thumbnail","hentry","category-vehiculo-electrrico","tag-inversion","tag-tecnologia","tag-vehiculo-electrico"],"yoast_head":"<!-- This site is optimized with the Yoast SEO plugin v28.3 - https:\/\/yoast.com\/product\/yoast-seo-wordpress\/ -->\n<title>El grupo chino SAIC construir\u00e1 en Espa\u00f1a su primera f\u00e1brica de veh\u00edculos el\u00e9ctricos en Europa - ACIIEC<\/title>\n<meta name=\"robots\" content=\"index, follow, max-snippet:-1, max-image-preview:large, max-video-preview:-1\" \/>\n<link rel=\"canonical\" href=\"https:\/\/aciiec.org\/en\/2026\/08\/20\/the-chinese-group-saic-will-build-its-first-electric-vehicle-factory-in-europe-in-spain\/\" \/>\n<meta property=\"og:locale\" content=\"en_US\" \/>\n<meta property=\"og:type\" content=\"article\" \/>\n<meta property=\"og:title\" content=\"El grupo chino SAIC construir\u00e1 en Espa\u00f1a su primera f\u00e1brica de veh\u00edculos el\u00e9ctricos en Europa - ACIIEC\" \/>\n<meta property=\"og:description\" content=\"El fabricante chino de autom\u00f3viles SAIC (Shanghai Automotive Industry Corporation) construir\u00e1 en Ferrol, en la comunidad aut\u00f3noma de Galicia (Espa\u00f1a), su primera planta de fabricaci\u00f3n de veh\u00edculos el\u00e9ctricos en Europa. El presidente de la Xunta de Galicia, Alfonso Rueda, anunci\u00f3 el proyecto a principios de junio. Seg\u00fan sus declaraciones, la inversi\u00f3n inicial ascender\u00e1 a 200 [...]\" \/>\n<meta property=\"og:url\" content=\"https:\/\/aciiec.org\/en\/2026\/08\/20\/the-chinese-group-saic-will-build-its-first-electric-vehicle-factory-in-europe-in-spain\/\" \/>\n<meta property=\"og:site_name\" content=\"ACIIEC\" \/>\n<meta property=\"article:published_time\" content=\"2026-08-20T16:02:22+00:00\" \/>\n<meta property=\"og:image\" content=\"https:\/\/aciiec.org\/wp-content\/uploads\/2026\/08\/image-8.jpeg\" \/>\n\t<meta property=\"og:image:width\" content=\"553\" \/>\n\t<meta property=\"og:image:height\" content=\"358\" \/>\n\t<meta property=\"og:image:type\" content=\"image\/jpeg\" \/>\n<meta name=\"author\" content=\"Ina Wang\" \/>\n<meta name=\"twitter:card\" content=\"summary_large_image\" \/>\n<meta name=\"twitter:label1\" content=\"Written by\" \/>\n\t<meta name=\"twitter:data1\" content=\"Ina Wang\" \/>\n\t<meta name=\"twitter:label2\" content=\"Est. reading time\" \/>\n\t<meta name=\"twitter:data2\" content=\"2 minutes\" \/>\n<script type=\"application\/ld+json\" class=\"yoast-schema-graph\">{\"@context\":\"https:\\\/\\\/schema.org\",\"@graph\":[{\"@type\":\"Article\",\"@id\":\"https:\\\/\\\/aciiec.org\\\/2026\\\/08\\\/20\\\/el-grupo-chino-saic-construira-en-espana-su-primera-fabrica-de-vehiculos-electricos-en-europa\\\/#article\",\"isPartOf\":{\"@id\":\"https:\\\/\\\/aciiec.org\\\/2026\\\/08\\\/20\\\/el-grupo-chino-saic-construira-en-espana-su-primera-fabrica-de-vehiculos-electricos-en-europa\\\/\"},\"author\":{\"name\":\"Ina Wang\",\"@id\":\"https:\\\/\\\/aciiec.org\\\/#\\\/schema\\\/person\\\/96134fc23b0fc219f6947401bd746e7c\"},\"headline\":\"El grupo chino SAIC construir\u00e1 en Espa\u00f1a su primera f\u00e1brica de veh\u00edculos el\u00e9ctricos en Europa\",\"datePublished\":\"2026-08-20T16:02:22+00:00\",\"mainEntityOfPage\":{\"@id\":\"https:\\\/\\\/aciiec.org\\\/2026\\\/08\\\/20\\\/el-grupo-chino-saic-construira-en-espana-su-primera-fabrica-de-vehiculos-electricos-en-europa\\\/\"},\"wordCount\":411,\"publisher\":{\"@id\":\"https:\\\/\\\/aciiec.org\\\/#organization\"},\"image\":{\"@id\":\"https:\\\/\\\/aciiec.org\\\/2026\\\/08\\\/20\\\/el-grupo-chino-saic-construira-en-espana-su-primera-fabrica-de-vehiculos-electricos-en-europa\\\/#primaryimage\"},\"thumbnailUrl\":\"https:\\\/\\\/aciiec.org\\\/wp-content\\\/uploads\\\/2026\\\/08\\\/image-8.jpeg\",\"keywords\":[\"Inversi\u00f3n\",\"Tecnolog\u00eda\",\"Vehiculo el\u00e9ctrico\"],\"articleSection\":[\"Vehiculo el\u00e9ctrico\"],\"inLanguage\":\"en-US\"},{\"@type\":\"WebPage\",\"@id\":\"https:\\\/\\\/aciiec.org\\\/2026\\\/08\\\/20\\\/el-grupo-chino-saic-construira-en-espana-su-primera-fabrica-de-vehiculos-electricos-en-europa\\\/\",\"url\":\"https:\\\/\\\/aciiec.org\\\/2026\\\/08\\\/20\\\/el-grupo-chino-saic-construira-en-espana-su-primera-fabrica-de-vehiculos-electricos-en-europa\\\/\",\"name\":\"El grupo chino SAIC construir\u00e1 en Espa\u00f1a su primera f\u00e1brica de veh\u00edculos el\u00e9ctricos en Europa - ACIIEC\",\"isPartOf\":{\"@id\":\"https:\\\/\\\/aciiec.org\\\/#website\"},\"primaryImageOfPage\":{\"@id\":\"https:\\\/\\\/aciiec.org\\\/2026\\\/08\\\/20\\\/el-grupo-chino-saic-construira-en-espana-su-primera-fabrica-de-vehiculos-electricos-en-europa\\\/#primaryimage\"},\"image\":{\"@id\":\"https:\\\/\\\/aciiec.org\\\/2026\\\/08\\\/20\\\/el-grupo-chino-saic-construira-en-espana-su-primera-fabrica-de-vehiculos-electricos-en-europa\\\/#primaryimage\"},\"thumbnailUrl\":\"https:\\\/\\\/aciiec.org\\\/wp-content\\\/uploads\\\/2026\\\/08\\\/image-8.jpeg\",\"datePublished\":\"2026-08-20T16:02:22+00:00\",\"breadcrumb\":{\"@id\":\"https:\\\/\\\/aciiec.org\\\/2026\\\/08\\\/20\\\/el-grupo-chino-saic-construira-en-espana-su-primera-fabrica-de-vehiculos-electricos-en-europa\\\/#breadcrumb\"},\"inLanguage\":\"en-US\",\"potentialAction\":[{\"@type\":\"ReadAction\",\"target\":[\"https:\\\/\\\/aciiec.org\\\/2026\\\/08\\\/20\\\/el-grupo-chino-saic-construira-en-espana-su-primera-fabrica-de-vehiculos-electricos-en-europa\\\/\"]}]},{\"@type\":\"ImageObject\",\"inLanguage\":\"en-US\",\"@id\":\"https:\\\/\\\/aciiec.org\\\/2026\\\/08\\\/20\\\/el-grupo-chino-saic-construira-en-espana-su-primera-fabrica-de-vehiculos-electricos-en-europa\\\/#primaryimage\",\"url\":\"https:\\\/\\\/aciiec.org\\\/wp-content\\\/uploads\\\/2026\\\/08\\\/image-8.jpeg\",\"contentUrl\":\"https:\\\/\\\/aciiec.org\\\/wp-content\\\/uploads\\\/2026\\\/08\\\/image-8.jpeg\",\"width\":553,\"height\":358},{\"@type\":\"BreadcrumbList\",\"@id\":\"https:\\\/\\\/aciiec.org\\\/2026\\\/08\\\/20\\\/el-grupo-chino-saic-construira-en-espana-su-primera-fabrica-de-vehiculos-electricos-en-europa\\\/#breadcrumb\",\"itemListElement\":[{\"@type\":\"ListItem\",\"position\":1,\"name\":\"Portada\",\"item\":\"https:\\\/\\\/aciiec.org\\\/\"},{\"@type\":\"ListItem\",\"position\":2,\"name\":\"El grupo chino SAIC construir\u00e1 en Espa\u00f1a su primera f\u00e1brica de veh\u00edculos el\u00e9ctricos en Europa\"}]},{\"@type\":\"WebSite\",\"@id\":\"https:\\\/\\\/aciiec.org\\\/#website\",\"url\":\"https:\\\/\\\/aciiec.org\\\/\",\"name\":\"ACIIEC\",\"description\":\"Asociaci\u00f3n para la Cooperaci\u00f3n Industrial y de Ingenier\u00eda Espa\u00f1a-China\",\"publisher\":{\"@id\":\"https:\\\/\\\/aciiec.org\\\/#organization\"},\"potentialAction\":[{\"@type\":\"SearchAction\",\"target\":{\"@type\":\"EntryPoint\",\"urlTemplate\":\"https:\\\/\\\/aciiec.org\\\/?s={search_term_string}\"},\"query-input\":{\"@type\":\"PropertyValueSpecification\",\"valueRequired\":true,\"valueName\":\"search_term_string\"}}],\"inLanguage\":\"en-US\"},{\"@type\":\"Organization\",\"@id\":\"https:\\\/\\\/aciiec.org\\\/#organization\",\"name\":\"ACIIEC\",\"url\":\"https:\\\/\\\/aciiec.org\\\/\",\"logo\":{\"@type\":\"ImageObject\",\"inLanguage\":\"en-US\",\"@id\":\"https:\\\/\\\/aciiec.org\\\/#\\\/schema\\\/logo\\\/image\\\/\",\"url\":\"https:\\\/\\\/aciiec.org\\\/wp-content\\\/uploads\\\/2026\\\/05\\\/aciiec.png\",\"contentUrl\":\"https:\\\/\\\/aciiec.org\\\/wp-content\\\/uploads\\\/2026\\\/05\\\/aciiec.png\",\"width\":832,\"height\":300,\"caption\":\"ACIIEC\"},\"image\":{\"@id\":\"https:\\\/\\\/aciiec.org\\\/#\\\/schema\\\/logo\\\/image\\\/\"},\"sameAs\":[\"https:\\\/\\\/www.linkedin.com\\\/company\\\/aciiec-asociacin-para-la-cooperacin-industrial-y-de-ingeniera-espaa-china\"]},{\"@type\":\"Person\",\"@id\":\"https:\\\/\\\/aciiec.org\\\/#\\\/schema\\\/person\\\/96134fc23b0fc219f6947401bd746e7c\",\"name\":\"Ina Wang\",\"image\":{\"@type\":\"ImageObject\",\"inLanguage\":\"en-US\",\"@id\":\"https:\\\/\\\/secure.gravatar.com\\\/avatar\\\/608ebb36afb0d638dff9f1a412da339dec9a4878e2c966f75c4573297d1708aa?s=96&d=mm&r=g\",\"url\":\"https:\\\/\\\/secure.gravatar.com\\\/avatar\\\/608ebb36afb0d638dff9f1a412da339dec9a4878e2c966f75c4573297d1708aa?s=96&d=mm&r=g\",\"contentUrl\":\"https:\\\/\\\/secure.gravatar.com\\\/avatar\\\/608ebb36afb0d638dff9f1a412da339dec9a4878e2c966f75c4573297d1708aa?s=96&d=mm&r=g\",\"caption\":\"Ina Wang\"},\"url\":\"https:\\\/\\\/aciiec.org\\\/en\\\/author\\\/ina_wang\\\/\"}]}<\/script>\n<!-- \/ Yoast SEO plugin. -->","yoast_head_json":{"title":"The Chinese group SAIC will build its first electric vehicle factory in Europe in Spain - ACIIEC","robots":{"index":"index","follow":"follow","max-snippet":"max-snippet:-1","max-image-preview":"max-image-preview:large","max-video-preview":"max-video-preview:-1"},"canonical":"https:\/\/aciiec.org\/en\/2026\/08\/20\/the-chinese-group-saic-will-build-its-first-electric-vehicle-factory-in-europe-in-spain\/","og_locale":"en_US","og_type":"article","og_title":"El grupo chino SAIC construir\u00e1 en Espa\u00f1a su primera f\u00e1brica de veh\u00edculos el\u00e9ctricos en Europa - ACIIEC","og_description":"El fabricante chino de autom\u00f3viles SAIC (Shanghai Automotive Industry Corporation) construir\u00e1 en Ferrol, en la comunidad aut\u00f3noma de Galicia (Espa\u00f1a), su primera planta de fabricaci\u00f3n de veh\u00edculos el\u00e9ctricos en Europa. El presidente de la Xunta de Galicia, Alfonso Rueda, anunci\u00f3 el proyecto a principios de junio. Seg\u00fan sus declaraciones, la inversi\u00f3n inicial ascender\u00e1 a 200 [...]","og_url":"https:\/\/aciiec.org\/en\/2026\/08\/20\/the-chinese-group-saic-will-build-its-first-electric-vehicle-factory-in-europe-in-spain\/","og_site_name":"ACIIEC","article_published_time":"2026-08-20T16:02:22+00:00","og_image":[{"width":553,"height":358,"url":"https:\/\/aciiec.org\/wp-content\/uploads\/2026\/08\/image-8.jpeg","type":"image\/jpeg"}],"author":"Ina Wang","twitter_card":"summary_large_image","twitter_misc":{"Written by":"Ina Wang","Est. reading time":"2 minutes"},"schema":{"@context":"https:\/\/schema.org","@graph":[{"@type":"Article","@id":"https:\/\/aciiec.org\/2026\/08\/20\/el-grupo-chino-saic-construira-en-espana-su-primera-fabrica-de-vehiculos-electricos-en-europa\/#article","isPartOf":{"@id":"https:\/\/aciiec.org\/2026\/08\/20\/el-grupo-chino-saic-construira-en-espana-su-primera-fabrica-de-vehiculos-electricos-en-europa\/"},"author":{"name":"Ina Wang","@id":"https:\/\/aciiec.org\/#\/schema\/person\/96134fc23b0fc219f6947401bd746e7c"},"headline":"El grupo chino SAIC construir\u00e1 en Espa\u00f1a su primera f\u00e1brica de veh\u00edculos el\u00e9ctricos en Europa","datePublished":"2026-08-20T16:02:22+00:00","mainEntityOfPage":{"@id":"https:\/\/aciiec.org\/2026\/08\/20\/el-grupo-chino-saic-construira-en-espana-su-primera-fabrica-de-vehiculos-electricos-en-europa\/"},"wordCount":411,"publisher":{"@id":"https:\/\/aciiec.org\/#organization"},"image":{"@id":"https:\/\/aciiec.org\/2026\/08\/20\/el-grupo-chino-saic-construira-en-espana-su-primera-fabrica-de-vehiculos-electricos-en-europa\/#primaryimage"},"thumbnailUrl":"https:\/\/aciiec.org\/wp-content\/uploads\/2026\/08\/image-8.jpeg","keywords":["Inversi\u00f3n","Tecnolog\u00eda","Vehiculo el\u00e9ctrico"],"articleSection":["Vehiculo el\u00e9ctrico"],"inLanguage":"en-US"},{"@type":"WebPage","@id":"https:\/\/aciiec.org\/2026\/08\/20\/el-grupo-chino-saic-construira-en-espana-su-primera-fabrica-de-vehiculos-electricos-en-europa\/","url":"https:\/\/aciiec.org\/2026\/08\/20\/el-grupo-chino-saic-construira-en-espana-su-primera-fabrica-de-vehiculos-electricos-en-europa\/","name":"The Chinese group SAIC will build its first electric vehicle factory in Europe in Spain - ACIIEC","isPartOf":{"@id":"https:\/\/aciiec.org\/#website"},"primaryImageOfPage":{"@id":"https:\/\/aciiec.org\/2026\/08\/20\/el-grupo-chino-saic-construira-en-espana-su-primera-fabrica-de-vehiculos-electricos-en-europa\/#primaryimage"},"image":{"@id":"https:\/\/aciiec.org\/2026\/08\/20\/el-grupo-chino-saic-construira-en-espana-su-primera-fabrica-de-vehiculos-electricos-en-europa\/#primaryimage"},"thumbnailUrl":"https:\/\/aciiec.org\/wp-content\/uploads\/2026\/08\/image-8.jpeg","datePublished":"2026-08-20T16:02:22+00:00","breadcrumb":{"@id":"https:\/\/aciiec.org\/2026\/08\/20\/el-grupo-chino-saic-construira-en-espana-su-primera-fabrica-de-vehiculos-electricos-en-europa\/#breadcrumb"},"inLanguage":"en-US","potentialAction":[{"@type":"ReadAction","target":["https:\/\/aciiec.org\/2026\/08\/20\/el-grupo-chino-saic-construira-en-espana-su-primera-fabrica-de-vehiculos-electricos-en-europa\/"]}]},{"@type":"ImageObject","inLanguage":"en-US","@id":"https:\/\/aciiec.org\/2026\/08\/20\/el-grupo-chino-saic-construira-en-espana-su-primera-fabrica-de-vehiculos-electricos-en-europa\/#primaryimage","url":"https:\/\/aciiec.org\/wp-content\/uploads\/2026\/08\/image-8.jpeg","contentUrl":"https:\/\/aciiec.org\/wp-content\/uploads\/2026\/08\/image-8.jpeg","width":553,"height":358},{"@type":"BreadcrumbList","@id":"https:\/\/aciiec.org\/2026\/08\/20\/el-grupo-chino-saic-construira-en-espana-su-primera-fabrica-de-vehiculos-electricos-en-europa\/#breadcrumb","itemListElement":[{"@type":"ListItem","position":1,"name":"Portada","item":"https:\/\/aciiec.org\/"},{"@type":"ListItem","position":2,"name":"El grupo chino SAIC construir\u00e1 en Espa\u00f1a su primera f\u00e1brica de veh\u00edculos el\u00e9ctricos en Europa"}]},{"@type":"WebSite","@id":"https:\/\/aciiec.org\/#website","url":"https:\/\/aciiec.org\/","name":"ACIIEC","description":"Spain-China Association for Industrial and Engineering Cooperation","publisher":{"@id":"https:\/\/aciiec.org\/#organization"},"potentialAction":[{"@type":"SearchAction","target":{"@type":"EntryPoint","urlTemplate":"https:\/\/aciiec.org\/?s={search_term_string}"},"query-input":{"@type":"PropertyValueSpecification","valueRequired":true,"valueName":"search_term_string"}}],"inLanguage":"en-US"},{"@type":"Organization","@id":"https:\/\/aciiec.org\/#organization","name":"ACIIEC","url":"https:\/\/aciiec.org\/","logo":{"@type":"ImageObject","inLanguage":"en-US","@id":"https:\/\/aciiec.org\/#\/schema\/logo\/image\/","url":"https:\/\/aciiec.org\/wp-content\/uploads\/2026\/05\/aciiec.png","contentUrl":"https:\/\/aciiec.org\/wp-content\/uploads\/2026\/05\/aciiec.png","width":832,"height":300,"caption":"ACIIEC"},"image":{"@id":"https:\/\/aciiec.org\/#\/schema\/logo\/image\/"},"sameAs":["https:\/\/www.linkedin.com\/company\/aciiec-asociacin-para-la-cooperacin-industrial-y-de-ingeniera-espaa-china"]},{"@type":"Person","@id":"https:\/\/aciiec.org\/#\/schema\/person\/96134fc23b0fc219f6947401bd746e7c","name":"Ina Wang","image":{"@type":"ImageObject","inLanguage":"en-US","@id":"https:\/\/secure.gravatar.com\/avatar\/608ebb36afb0d638dff9f1a412da339dec9a4878e2c966f75c4573297d1708aa?s=96&d=mm&r=g","url":"https:\/\/secure.gravatar.com\/avatar\/608ebb36afb0d638dff9f1a412da339dec9a4878e2c966f75c4573297d1708aa?s=96&d=mm&r=g","contentUrl":"https:\/\/secure.gravatar.com\/avatar\/608ebb36afb0d638dff9f1a412da339dec9a4878e2c966f75c4573297d1708aa?s=96&d=mm&r=g","caption":"Ina Wang"},"url":"https:\/\/aciiec.org\/en\/author\/ina_wang\/"}]}},"_links":{"self":[{"href":"https:\/\/aciiec.org\/en\/wp-json\/wp\/v2\/posts\/863","targetHints":{"allow":["GET"]}}],"collection":[{"href":"https:\/\/aciiec.org\/en\/wp-json\/wp\/v2\/posts"}],"about":[{"href":"https:\/\/aciiec.org\/en\/wp-json\/wp\/v2\/types\/post"}],"author":[{"embeddable":true,"href":"https:\/\/aciiec.org\/en\/wp-json\/wp\/v2\/users\/2"}],"replies":[{"embeddable":true,"href":"https:\/\/aciiec.org\/en\/wp-json\/wp\/v2\/comments?post=863"}],"version-history":[{"count":1,"href":"https:\/\/aciiec.org\/en\/wp-json\/wp\/v2\/posts\/863\/revisions"}],"predecessor-version":[{"id":865,"href":"https:\/\/aciiec.org\/en\/wp-json\/wp\/v2\/posts\/863\/revisions\/865"}],"wp:featuredmedia":[{"embeddable":true,"href":"https:\/\/aciiec.org\/en\/wp-json\/wp\/v2\/media\/864"}],"wp:attachment":[{"href":"https:\/\/aciiec.org\/en\/wp-json\/wp\/v2\/media?parent=863"}],"wp:term":[{"taxonomy":"category","embeddable":true,"href":"https:\/\/aciiec.org\/en\/wp-json\/wp\/v2\/categories?post=863"},{"taxonomy":"post_tag","embeddable":true,"href":"https:\/\/aciiec.org\/en\/wp-json\/wp\/v2\/tags?post=863"}],"curies":[{"name":"wp","href":"https:\/\/api.w.org\/{rel}","templated":true}]}}