{"id":803,"date":"2026-08-11T22:32:18","date_gmt":"2026-08-11T22:32:18","guid":{"rendered":"https:\/\/aciiec.org\/?p=803"},"modified":"2026-08-11T22:48:45","modified_gmt":"2026-08-11T22:48:45","slug":"connecting-the-world%e4%b8%a8a-representative-of-navarre-spain-europe-and-china-hand-in-hand-in-the-field-of-the-green-transition-create-an-example-of-cooperation-in-the-industrial-chain","status":"publish","type":"post","link":"https:\/\/aciiec.org\/en\/2026\/08\/11\/conectando-el-mundo%e4%b8%a8representante-de-navarra-espana-europa-y-china-de-la-mano-en-el-ambito-de-la-transicion-verde-crean-un-ejemplo-de-cooperacion-en-la-cadena-industrial\/","title":{"rendered":"\u00abConnecting the World\u00bb | Representative of Navarre (Spain): Europe and China, hand in hand in the field of the green transition, create an example of cooperation in the industrial chain"},"content":{"rendered":"<p class=\"wp-block-paragraph\">From June 22 to 26, the 4th China International Supply Chain Expo (CISCE) was held in Beijing. Under the theme \u00abConnecting the world, creating a shared future,\u00bb this edition brought together 676 leading companies in their respective industrial chains, specialized and new-technology enterprises, as well as industry institutions from 85 countries and regions, becoming a focal point for the global business community.<\/p>\n\n\n\n<p class=\"wp-block-paragraph\">Mikel Irujo, Minister of Industry and Ecological and Digital Transition of the Government of Navarre (Spain), pointed out in an exclusive interview with the CRI Online journalist that the delegation he leads covers virtually the entire industrial spectrum of Navarre, including sectors as diverse as construction, automotive, and biomedicine.<\/p>\n\n\n\n<p class=\"wp-block-paragraph\">The counselor stated that Navarre hopes to take advantage of the valuable opportunity provided by CISCE to further promote pragmatic cooperation between local and Chinese companies, thereby achieving joint development. He noted that China's pace of development is astonishing and that unlimited development potential can be perceived there. Europe hopes to maintain stable cooperation with China in industrial and supply chains, complementing each other to strengthen the development of local enterprises.<\/p>\n\n\n\n<p class=\"wp-block-paragraph\"><\/p>\n\n\n\n<figure class=\"wp-block-video\"><video height=\"576\" style=\"aspect-ratio: 1024 \/ 576;\" width=\"1024\" controls src=\"https:\/\/aciiec.org\/wp-content\/uploads\/2026\/08\/cisce_video.mp4\"><\/video><\/figure>\n\n\n\n<p class=\"has-text-align-center wp-block-paragraph\">Source: CRI Online<\/p>\n\n\n\n<p class=\"wp-block-paragraph\"><\/p>","protected":false},"excerpt":{"rendered":"<p>Del 22 al 26 de junio, se celebr\u00f3 en Beijing la 4\u00aa Exposici\u00f3n Internacional de Cadenas de Suministro de China (CISCE). Bajo el lema \u00abConectando el mundo, creando un futuro compartido\u00bb, esta edici\u00f3n ha reunido a 676 empresas l\u00edderes en sus respectivas cadenas industriales, empresas especializadas y de nueva tecnolog\u00eda, as\u00ed como instituciones del sector, [&#8230;]\n","protected":false},"author":2,"featured_media":808,"comment_status":"closed","ping_status":"open","sticky":false,"template":"","format":"standard","meta":{"footnotes":""},"categories":[97,101],"tags":[21,108],"class_list":["post-803","post","type-post","status-publish","format-standard","has-post-thumbnail","hentry","category-conferencias","category-cooperacion","tag-colaboracion_hispano-china","tag-navarra"],"yoast_head":"<!-- This site is optimized with the Yoast SEO plugin v28.3 - https:\/\/yoast.com\/product\/yoast-seo-wordpress\/ -->\n<title>&quot;Conectando el mundo&quot;\u4e28Representante de Navarra (Espa\u00f1a): Europa y China, de la mano en el \u00e1mbito de la transici\u00f3n verde, crean un ejemplo de cooperaci\u00f3n en la cadena industrial - ACIIEC<\/title>\n<meta name=\"robots\" content=\"index, follow, max-snippet:-1, max-image-preview:large, max-video-preview:-1\" \/>\n<link rel=\"canonical\" href=\"https:\/\/aciiec.org\/en\/2026\/08\/11\/connecting-the-world\u4e28a-representative-of-navarre-spain-europe-and-china-hand-in-hand-in-the-field-of-the-green-transition-create-an-example-of-cooperation-in-the-industrial-chain\/\" \/>\n<meta property=\"og:locale\" content=\"en_US\" \/>\n<meta property=\"og:type\" content=\"article\" \/>\n<meta property=\"og:title\" content=\"&quot;Conectando el mundo&quot;\u4e28Representante de Navarra (Espa\u00f1a): Europa y China, de la mano en el \u00e1mbito de la transici\u00f3n verde, crean un ejemplo de cooperaci\u00f3n en la cadena industrial - ACIIEC\" \/>\n<meta property=\"og:description\" content=\"Del 22 al 26 de junio, se celebr\u00f3 en Beijing la 4\u00aa Exposici\u00f3n Internacional de Cadenas de Suministro de China (CISCE). Bajo el lema \u00abConectando el mundo, creando un futuro compartido\u00bb, esta edici\u00f3n ha reunido a 676 empresas l\u00edderes en sus respectivas cadenas industriales, empresas especializadas y de nueva tecnolog\u00eda, as\u00ed como instituciones del sector, [...]\" \/>\n<meta property=\"og:url\" content=\"https:\/\/aciiec.org\/en\/2026\/08\/11\/connecting-the-world\u4e28a-representative-of-navarre-spain-europe-and-china-hand-in-hand-in-the-field-of-the-green-transition-create-an-example-of-cooperation-in-the-industrial-chain\/\" \/>\n<meta property=\"og:site_name\" content=\"ACIIEC\" \/>\n<meta property=\"article:published_time\" content=\"2026-08-11T22:32:18+00:00\" \/>\n<meta property=\"article:modified_time\" content=\"2026-08-11T22:48:45+00:00\" \/>\n<meta property=\"og:image\" content=\"https:\/\/aciiec.org\/wp-content\/uploads\/2026\/08\/cisce_interview.png\" \/>\n\t<meta property=\"og:image:width\" content=\"662\" \/>\n\t<meta property=\"og:image:height\" content=\"379\" \/>\n\t<meta property=\"og:image:type\" content=\"image\/png\" \/>\n<meta name=\"author\" content=\"Ina Wang\" \/>\n<meta name=\"twitter:card\" content=\"summary_large_image\" \/>\n<meta name=\"twitter:label1\" content=\"Written by\" \/>\n\t<meta name=\"twitter:data1\" content=\"Ina Wang\" \/>\n\t<meta name=\"twitter:label2\" content=\"Est. reading time\" \/>\n\t<meta name=\"twitter:data2\" content=\"1 minute\" \/>\n<script type=\"application\/ld+json\" class=\"yoast-schema-graph\">{\"@context\":\"https:\\\/\\\/schema.org\",\"@graph\":[{\"@type\":\"Article\",\"@id\":\"https:\\\/\\\/aciiec.org\\\/2026\\\/08\\\/11\\\/conectando-el-mundo%e4%b8%a8representante-de-navarra-espana-europa-y-china-de-la-mano-en-el-ambito-de-la-transicion-verde-crean-un-ejemplo-de-cooperacion-en-la-cadena-industrial\\\/#article\",\"isPartOf\":{\"@id\":\"https:\\\/\\\/aciiec.org\\\/2026\\\/08\\\/11\\\/conectando-el-mundo%e4%b8%a8representante-de-navarra-espana-europa-y-china-de-la-mano-en-el-ambito-de-la-transicion-verde-crean-un-ejemplo-de-cooperacion-en-la-cadena-industrial\\\/\"},\"author\":{\"name\":\"Ina Wang\",\"@id\":\"https:\\\/\\\/aciiec.org\\\/#\\\/schema\\\/person\\\/96134fc23b0fc219f6947401bd746e7c\"},\"headline\":\"\u00abConectando el mundo\u00bb\u4e28Representante de Navarra (Espa\u00f1a): Europa y China, de la mano en el \u00e1mbito de la transici\u00f3n verde, crean un ejemplo de cooperaci\u00f3n en la cadena industrial\",\"datePublished\":\"2026-08-11T22:32:18+00:00\",\"dateModified\":\"2026-08-11T22:48:45+00:00\",\"mainEntityOfPage\":{\"@id\":\"https:\\\/\\\/aciiec.org\\\/2026\\\/08\\\/11\\\/conectando-el-mundo%e4%b8%a8representante-de-navarra-espana-europa-y-china-de-la-mano-en-el-ambito-de-la-transicion-verde-crean-un-ejemplo-de-cooperacion-en-la-cadena-industrial\\\/\"},\"wordCount\":257,\"publisher\":{\"@id\":\"https:\\\/\\\/aciiec.org\\\/#organization\"},\"image\":{\"@id\":\"https:\\\/\\\/aciiec.org\\\/2026\\\/08\\\/11\\\/conectando-el-mundo%e4%b8%a8representante-de-navarra-espana-europa-y-china-de-la-mano-en-el-ambito-de-la-transicion-verde-crean-un-ejemplo-de-cooperacion-en-la-cadena-industrial\\\/#primaryimage\"},\"thumbnailUrl\":\"https:\\\/\\\/aciiec.org\\\/wp-content\\\/uploads\\\/2026\\\/08\\\/cisce_interview.png\",\"keywords\":[\"Colaboraci\u00f3n Hispano-China\",\"Navarra\"],\"articleSection\":[\"Conferencias\",\"Cooperaci\u00f3n\"],\"inLanguage\":\"en-US\"},{\"@type\":\"WebPage\",\"@id\":\"https:\\\/\\\/aciiec.org\\\/2026\\\/08\\\/11\\\/conectando-el-mundo%e4%b8%a8representante-de-navarra-espana-europa-y-china-de-la-mano-en-el-ambito-de-la-transicion-verde-crean-un-ejemplo-de-cooperacion-en-la-cadena-industrial\\\/\",\"url\":\"https:\\\/\\\/aciiec.org\\\/2026\\\/08\\\/11\\\/conectando-el-mundo%e4%b8%a8representante-de-navarra-espana-europa-y-china-de-la-mano-en-el-ambito-de-la-transicion-verde-crean-un-ejemplo-de-cooperacion-en-la-cadena-industrial\\\/\",\"name\":\"\\\"Conectando el mundo\\\"\u4e28Representante de Navarra (Espa\u00f1a): Europa y China, de la mano en el \u00e1mbito de la transici\u00f3n verde, crean un ejemplo de cooperaci\u00f3n en la cadena industrial - ACIIEC\",\"isPartOf\":{\"@id\":\"https:\\\/\\\/aciiec.org\\\/#website\"},\"primaryImageOfPage\":{\"@id\":\"https:\\\/\\\/aciiec.org\\\/2026\\\/08\\\/11\\\/conectando-el-mundo%e4%b8%a8representante-de-navarra-espana-europa-y-china-de-la-mano-en-el-ambito-de-la-transicion-verde-crean-un-ejemplo-de-cooperacion-en-la-cadena-industrial\\\/#primaryimage\"},\"image\":{\"@id\":\"https:\\\/\\\/aciiec.org\\\/2026\\\/08\\\/11\\\/conectando-el-mundo%e4%b8%a8representante-de-navarra-espana-europa-y-china-de-la-mano-en-el-ambito-de-la-transicion-verde-crean-un-ejemplo-de-cooperacion-en-la-cadena-industrial\\\/#primaryimage\"},\"thumbnailUrl\":\"https:\\\/\\\/aciiec.org\\\/wp-content\\\/uploads\\\/2026\\\/08\\\/cisce_interview.png\",\"datePublished\":\"2026-08-11T22:32:18+00:00\",\"dateModified\":\"2026-08-11T22:48:45+00:00\",\"breadcrumb\":{\"@id\":\"https:\\\/\\\/aciiec.org\\\/2026\\\/08\\\/11\\\/conectando-el-mundo%e4%b8%a8representante-de-navarra-espana-europa-y-china-de-la-mano-en-el-ambito-de-la-transicion-verde-crean-un-ejemplo-de-cooperacion-en-la-cadena-industrial\\\/#breadcrumb\"},\"inLanguage\":\"en-US\",\"potentialAction\":[{\"@type\":\"ReadAction\",\"target\":[\"https:\\\/\\\/aciiec.org\\\/2026\\\/08\\\/11\\\/conectando-el-mundo%e4%b8%a8representante-de-navarra-espana-europa-y-china-de-la-mano-en-el-ambito-de-la-transicion-verde-crean-un-ejemplo-de-cooperacion-en-la-cadena-industrial\\\/\"]}]},{\"@type\":\"ImageObject\",\"inLanguage\":\"en-US\",\"@id\":\"https:\\\/\\\/aciiec.org\\\/2026\\\/08\\\/11\\\/conectando-el-mundo%e4%b8%a8representante-de-navarra-espana-europa-y-china-de-la-mano-en-el-ambito-de-la-transicion-verde-crean-un-ejemplo-de-cooperacion-en-la-cadena-industrial\\\/#primaryimage\",\"url\":\"https:\\\/\\\/aciiec.org\\\/wp-content\\\/uploads\\\/2026\\\/08\\\/cisce_interview.png\",\"contentUrl\":\"https:\\\/\\\/aciiec.org\\\/wp-content\\\/uploads\\\/2026\\\/08\\\/cisce_interview.png\",\"width\":662,\"height\":379},{\"@type\":\"BreadcrumbList\",\"@id\":\"https:\\\/\\\/aciiec.org\\\/2026\\\/08\\\/11\\\/conectando-el-mundo%e4%b8%a8representante-de-navarra-espana-europa-y-china-de-la-mano-en-el-ambito-de-la-transicion-verde-crean-un-ejemplo-de-cooperacion-en-la-cadena-industrial\\\/#breadcrumb\",\"itemListElement\":[{\"@type\":\"ListItem\",\"position\":1,\"name\":\"Portada\",\"item\":\"https:\\\/\\\/aciiec.org\\\/\"},{\"@type\":\"ListItem\",\"position\":2,\"name\":\"\u00abConectando el mundo\u00bb\u4e28Representante de Navarra (Espa\u00f1a): Europa y China, de la mano en el \u00e1mbito de la transici\u00f3n verde, crean un ejemplo de cooperaci\u00f3n en la cadena industrial\"}]},{\"@type\":\"WebSite\",\"@id\":\"https:\\\/\\\/aciiec.org\\\/#website\",\"url\":\"https:\\\/\\\/aciiec.org\\\/\",\"name\":\"ACIIEC\",\"description\":\"Asociaci\u00f3n para la Cooperaci\u00f3n Industrial y de Ingenier\u00eda Espa\u00f1a-China\",\"publisher\":{\"@id\":\"https:\\\/\\\/aciiec.org\\\/#organization\"},\"potentialAction\":[{\"@type\":\"SearchAction\",\"target\":{\"@type\":\"EntryPoint\",\"urlTemplate\":\"https:\\\/\\\/aciiec.org\\\/?s={search_term_string}\"},\"query-input\":{\"@type\":\"PropertyValueSpecification\",\"valueRequired\":true,\"valueName\":\"search_term_string\"}}],\"inLanguage\":\"en-US\"},{\"@type\":\"Organization\",\"@id\":\"https:\\\/\\\/aciiec.org\\\/#organization\",\"name\":\"ACIIEC\",\"url\":\"https:\\\/\\\/aciiec.org\\\/\",\"logo\":{\"@type\":\"ImageObject\",\"inLanguage\":\"en-US\",\"@id\":\"https:\\\/\\\/aciiec.org\\\/#\\\/schema\\\/logo\\\/image\\\/\",\"url\":\"https:\\\/\\\/aciiec.org\\\/wp-content\\\/uploads\\\/2026\\\/05\\\/aciiec.png\",\"contentUrl\":\"https:\\\/\\\/aciiec.org\\\/wp-content\\\/uploads\\\/2026\\\/05\\\/aciiec.png\",\"width\":832,\"height\":300,\"caption\":\"ACIIEC\"},\"image\":{\"@id\":\"https:\\\/\\\/aciiec.org\\\/#\\\/schema\\\/logo\\\/image\\\/\"},\"sameAs\":[\"https:\\\/\\\/www.linkedin.com\\\/company\\\/aciiec-asociacin-para-la-cooperacin-industrial-y-de-ingeniera-espaa-china\"]},{\"@type\":\"Person\",\"@id\":\"https:\\\/\\\/aciiec.org\\\/#\\\/schema\\\/person\\\/96134fc23b0fc219f6947401bd746e7c\",\"name\":\"Ina Wang\",\"image\":{\"@type\":\"ImageObject\",\"inLanguage\":\"en-US\",\"@id\":\"https:\\\/\\\/secure.gravatar.com\\\/avatar\\\/608ebb36afb0d638dff9f1a412da339dec9a4878e2c966f75c4573297d1708aa?s=96&d=mm&r=g\",\"url\":\"https:\\\/\\\/secure.gravatar.com\\\/avatar\\\/608ebb36afb0d638dff9f1a412da339dec9a4878e2c966f75c4573297d1708aa?s=96&d=mm&r=g\",\"contentUrl\":\"https:\\\/\\\/secure.gravatar.com\\\/avatar\\\/608ebb36afb0d638dff9f1a412da339dec9a4878e2c966f75c4573297d1708aa?s=96&d=mm&r=g\",\"caption\":\"Ina Wang\"},\"url\":\"https:\\\/\\\/aciiec.org\\\/en\\\/author\\\/ina_wang\\\/\"}]}<\/script>\n<!-- \/ Yoast SEO plugin. -->","yoast_head_json":{"title":"\"Connecting the World\"\u4e28Representative of Navarre (Spain): Europe and China, hand in hand in the field of green transition, create an example of cooperation in the industrial chain - ACIIEC","robots":{"index":"index","follow":"follow","max-snippet":"max-snippet:-1","max-image-preview":"max-image-preview:large","max-video-preview":"max-video-preview:-1"},"canonical":"https:\/\/aciiec.org\/en\/2026\/08\/11\/connecting-the-world\u4e28a-representative-of-navarre-spain-europe-and-china-hand-in-hand-in-the-field-of-the-green-transition-create-an-example-of-cooperation-in-the-industrial-chain\/","og_locale":"en_US","og_type":"article","og_title":"\"Conectando el mundo\"\u4e28Representante de Navarra (Espa\u00f1a): Europa y China, de la mano en el \u00e1mbito de la transici\u00f3n verde, crean un ejemplo de cooperaci\u00f3n en la cadena industrial - ACIIEC","og_description":"Del 22 al 26 de junio, se celebr\u00f3 en Beijing la 4\u00aa Exposici\u00f3n Internacional de Cadenas de Suministro de China (CISCE). Bajo el lema \u00abConectando el mundo, creando un futuro compartido\u00bb, esta edici\u00f3n ha reunido a 676 empresas l\u00edderes en sus respectivas cadenas industriales, empresas especializadas y de nueva tecnolog\u00eda, as\u00ed como instituciones del sector, [...]","og_url":"https:\/\/aciiec.org\/en\/2026\/08\/11\/connecting-the-world\u4e28a-representative-of-navarre-spain-europe-and-china-hand-in-hand-in-the-field-of-the-green-transition-create-an-example-of-cooperation-in-the-industrial-chain\/","og_site_name":"ACIIEC","article_published_time":"2026-08-11T22:32:18+00:00","article_modified_time":"2026-08-11T22:48:45+00:00","og_image":[{"width":662,"height":379,"url":"https:\/\/aciiec.org\/wp-content\/uploads\/2026\/08\/cisce_interview.png","type":"image\/png"}],"author":"Ina Wang","twitter_card":"summary_large_image","twitter_misc":{"Written by":"Ina Wang","Est. reading time":"1 minute"},"schema":{"@context":"https:\/\/schema.org","@graph":[{"@type":"Article","@id":"https:\/\/aciiec.org\/2026\/08\/11\/conectando-el-mundo%e4%b8%a8representante-de-navarra-espana-europa-y-china-de-la-mano-en-el-ambito-de-la-transicion-verde-crean-un-ejemplo-de-cooperacion-en-la-cadena-industrial\/#article","isPartOf":{"@id":"https:\/\/aciiec.org\/2026\/08\/11\/conectando-el-mundo%e4%b8%a8representante-de-navarra-espana-europa-y-china-de-la-mano-en-el-ambito-de-la-transicion-verde-crean-un-ejemplo-de-cooperacion-en-la-cadena-industrial\/"},"author":{"name":"Ina Wang","@id":"https:\/\/aciiec.org\/#\/schema\/person\/96134fc23b0fc219f6947401bd746e7c"},"headline":"\u00abConectando el mundo\u00bb\u4e28Representante de Navarra (Espa\u00f1a): Europa y China, de la mano en el \u00e1mbito de la transici\u00f3n verde, crean un ejemplo de cooperaci\u00f3n en la cadena industrial","datePublished":"2026-08-11T22:32:18+00:00","dateModified":"2026-08-11T22:48:45+00:00","mainEntityOfPage":{"@id":"https:\/\/aciiec.org\/2026\/08\/11\/conectando-el-mundo%e4%b8%a8representante-de-navarra-espana-europa-y-china-de-la-mano-en-el-ambito-de-la-transicion-verde-crean-un-ejemplo-de-cooperacion-en-la-cadena-industrial\/"},"wordCount":257,"publisher":{"@id":"https:\/\/aciiec.org\/#organization"},"image":{"@id":"https:\/\/aciiec.org\/2026\/08\/11\/conectando-el-mundo%e4%b8%a8representante-de-navarra-espana-europa-y-china-de-la-mano-en-el-ambito-de-la-transicion-verde-crean-un-ejemplo-de-cooperacion-en-la-cadena-industrial\/#primaryimage"},"thumbnailUrl":"https:\/\/aciiec.org\/wp-content\/uploads\/2026\/08\/cisce_interview.png","keywords":["Colaboraci\u00f3n Hispano-China","Navarra"],"articleSection":["Conferencias","Cooperaci\u00f3n"],"inLanguage":"en-US"},{"@type":"WebPage","@id":"https:\/\/aciiec.org\/2026\/08\/11\/conectando-el-mundo%e4%b8%a8representante-de-navarra-espana-europa-y-china-de-la-mano-en-el-ambito-de-la-transicion-verde-crean-un-ejemplo-de-cooperacion-en-la-cadena-industrial\/","url":"https:\/\/aciiec.org\/2026\/08\/11\/conectando-el-mundo%e4%b8%a8representante-de-navarra-espana-europa-y-china-de-la-mano-en-el-ambito-de-la-transicion-verde-crean-un-ejemplo-de-cooperacion-en-la-cadena-industrial\/","name":"\"Connecting the World\"\u4e28Representative of Navarre (Spain): Europe and China, hand in hand in the field of green transition, create an example of cooperation in the industrial chain - ACIIEC","isPartOf":{"@id":"https:\/\/aciiec.org\/#website"},"primaryImageOfPage":{"@id":"https:\/\/aciiec.org\/2026\/08\/11\/conectando-el-mundo%e4%b8%a8representante-de-navarra-espana-europa-y-china-de-la-mano-en-el-ambito-de-la-transicion-verde-crean-un-ejemplo-de-cooperacion-en-la-cadena-industrial\/#primaryimage"},"image":{"@id":"https:\/\/aciiec.org\/2026\/08\/11\/conectando-el-mundo%e4%b8%a8representante-de-navarra-espana-europa-y-china-de-la-mano-en-el-ambito-de-la-transicion-verde-crean-un-ejemplo-de-cooperacion-en-la-cadena-industrial\/#primaryimage"},"thumbnailUrl":"https:\/\/aciiec.org\/wp-content\/uploads\/2026\/08\/cisce_interview.png","datePublished":"2026-08-11T22:32:18+00:00","dateModified":"2026-08-11T22:48:45+00:00","breadcrumb":{"@id":"https:\/\/aciiec.org\/2026\/08\/11\/conectando-el-mundo%e4%b8%a8representante-de-navarra-espana-europa-y-china-de-la-mano-en-el-ambito-de-la-transicion-verde-crean-un-ejemplo-de-cooperacion-en-la-cadena-industrial\/#breadcrumb"},"inLanguage":"en-US","potentialAction":[{"@type":"ReadAction","target":["https:\/\/aciiec.org\/2026\/08\/11\/conectando-el-mundo%e4%b8%a8representante-de-navarra-espana-europa-y-china-de-la-mano-en-el-ambito-de-la-transicion-verde-crean-un-ejemplo-de-cooperacion-en-la-cadena-industrial\/"]}]},{"@type":"ImageObject","inLanguage":"en-US","@id":"https:\/\/aciiec.org\/2026\/08\/11\/conectando-el-mundo%e4%b8%a8representante-de-navarra-espana-europa-y-china-de-la-mano-en-el-ambito-de-la-transicion-verde-crean-un-ejemplo-de-cooperacion-en-la-cadena-industrial\/#primaryimage","url":"https:\/\/aciiec.org\/wp-content\/uploads\/2026\/08\/cisce_interview.png","contentUrl":"https:\/\/aciiec.org\/wp-content\/uploads\/2026\/08\/cisce_interview.png","width":662,"height":379},{"@type":"BreadcrumbList","@id":"https:\/\/aciiec.org\/2026\/08\/11\/conectando-el-mundo%e4%b8%a8representante-de-navarra-espana-europa-y-china-de-la-mano-en-el-ambito-de-la-transicion-verde-crean-un-ejemplo-de-cooperacion-en-la-cadena-industrial\/#breadcrumb","itemListElement":[{"@type":"ListItem","position":1,"name":"Portada","item":"https:\/\/aciiec.org\/"},{"@type":"ListItem","position":2,"name":"\u00abConectando el mundo\u00bb\u4e28Representante de Navarra (Espa\u00f1a): Europa y China, de la mano en el \u00e1mbito de la transici\u00f3n verde, crean un ejemplo de cooperaci\u00f3n en la cadena industrial"}]},{"@type":"WebSite","@id":"https:\/\/aciiec.org\/#website","url":"https:\/\/aciiec.org\/","name":"ACIIEC","description":"Spain-China Association for Industrial and Engineering Cooperation","publisher":{"@id":"https:\/\/aciiec.org\/#organization"},"potentialAction":[{"@type":"SearchAction","target":{"@type":"EntryPoint","urlTemplate":"https:\/\/aciiec.org\/?s={search_term_string}"},"query-input":{"@type":"PropertyValueSpecification","valueRequired":true,"valueName":"search_term_string"}}],"inLanguage":"en-US"},{"@type":"Organization","@id":"https:\/\/aciiec.org\/#organization","name":"ACIIEC","url":"https:\/\/aciiec.org\/","logo":{"@type":"ImageObject","inLanguage":"en-US","@id":"https:\/\/aciiec.org\/#\/schema\/logo\/image\/","url":"https:\/\/aciiec.org\/wp-content\/uploads\/2026\/05\/aciiec.png","contentUrl":"https:\/\/aciiec.org\/wp-content\/uploads\/2026\/05\/aciiec.png","width":832,"height":300,"caption":"ACIIEC"},"image":{"@id":"https:\/\/aciiec.org\/#\/schema\/logo\/image\/"},"sameAs":["https:\/\/www.linkedin.com\/company\/aciiec-asociacin-para-la-cooperacin-industrial-y-de-ingeniera-espaa-china"]},{"@type":"Person","@id":"https:\/\/aciiec.org\/#\/schema\/person\/96134fc23b0fc219f6947401bd746e7c","name":"Ina Wang","image":{"@type":"ImageObject","inLanguage":"en-US","@id":"https:\/\/secure.gravatar.com\/avatar\/608ebb36afb0d638dff9f1a412da339dec9a4878e2c966f75c4573297d1708aa?s=96&d=mm&r=g","url":"https:\/\/secure.gravatar.com\/avatar\/608ebb36afb0d638dff9f1a412da339dec9a4878e2c966f75c4573297d1708aa?s=96&d=mm&r=g","contentUrl":"https:\/\/secure.gravatar.com\/avatar\/608ebb36afb0d638dff9f1a412da339dec9a4878e2c966f75c4573297d1708aa?s=96&d=mm&r=g","caption":"Ina Wang"},"url":"https:\/\/aciiec.org\/en\/author\/ina_wang\/"}]}},"_links":{"self":[{"href":"https:\/\/aciiec.org\/en\/wp-json\/wp\/v2\/posts\/803","targetHints":{"allow":["GET"]}}],"collection":[{"href":"https:\/\/aciiec.org\/en\/wp-json\/wp\/v2\/posts"}],"about":[{"href":"https:\/\/aciiec.org\/en\/wp-json\/wp\/v2\/types\/post"}],"author":[{"embeddable":true,"href":"https:\/\/aciiec.org\/en\/wp-json\/wp\/v2\/users\/2"}],"replies":[{"embeddable":true,"href":"https:\/\/aciiec.org\/en\/wp-json\/wp\/v2\/comments?post=803"}],"version-history":[{"count":6,"href":"https:\/\/aciiec.org\/en\/wp-json\/wp\/v2\/posts\/803\/revisions"}],"predecessor-version":[{"id":813,"href":"https:\/\/aciiec.org\/en\/wp-json\/wp\/v2\/posts\/803\/revisions\/813"}],"wp:featuredmedia":[{"embeddable":true,"href":"https:\/\/aciiec.org\/en\/wp-json\/wp\/v2\/media\/808"}],"wp:attachment":[{"href":"https:\/\/aciiec.org\/en\/wp-json\/wp\/v2\/media?parent=803"}],"wp:term":[{"taxonomy":"category","embeddable":true,"href":"https:\/\/aciiec.org\/en\/wp-json\/wp\/v2\/categories?post=803"},{"taxonomy":"post_tag","embeddable":true,"href":"https:\/\/aciiec.org\/en\/wp-json\/wp\/v2\/tags?post=803"}],"curies":[{"name":"wp","href":"https:\/\/api.w.org\/{rel}","templated":true}]}}