{"id":654,"date":"2026-04-14T21:21:55","date_gmt":"2026-04-14T21:21:55","guid":{"rendered":"https:\/\/aciiec.org\/?p=654"},"modified":"2026-08-11T22:48:45","modified_gmt":"2026-08-11T22:48:45","slug":"the-visit-of-the-prime-minister-to-china-strengthens-the-ties-between-the-two-countries","status":"publish","type":"post","link":"https:\/\/aciiec.org\/en\/2026\/04\/14\/la-visita-del-presidente-del-gobierno-a-china-refuerza-los-lazos-entre-ambos-paises\/","title":{"rendered":"The Prime Minister's visit to China strengthens the ties between both countries."},"content":{"rendered":"<p>The President of the Spanish Government, Pedro S\u00e1nchez, held a historic meeting with the President of the People's Republic of China, Xi Jinping, in the emblematic Great Hall of the People in Beijing. It was a moment filled with symbolism and hope, during which Spain reaffirmed its firm commitment to continue strengthening bilateral ties with China, culminating the meeting with the creation of a permanent Strategic Dialogue that will elevate political communication between both nations to the highest level.<\/p>\n\n<p>During the subsequent press conference, President S\u00e1nchez reviewed this fruitful visit\u2014his fourth to China\u2014 with evident satisfaction: \u00abIn 2005, we took a decisive step with the Comprehensive Strategic Partnership, last year we signed a three-year Action Plan, and now we have gone even further.\u00bb The institutionalization of this Strategic Dialogue represents an extraordinary advancement, as it will endow the relationship between the two countries with greater solidity, regularity, and continuity, placing Spain on the same level as China's other major European partners.<\/p>\n\n<p>On the economic front, the results are equally encouraging. The agreements reached in 2025 have already proven their effectiveness, leading to a more than 71% increase in Spanish exports to China in just one year. With full confidence in the path taken, S\u00e1nchez emphasized that the new agreements signed during this visit will help consolidate this positive trend and continue to correct the trade imbalance, moving toward an increasingly fair and balanced economic relationship for both parties.<\/p>\n\n<p>To conclude this visit, Spain and China will sign an ambitious package of agreements aimed at facilitating Spanish products\u00ab access to the Chinese market, promoting mutual investments, and developing joint projects in strategic sectors such as transportation and infrastructure. In the words of the president: \u00bbIf we want the globalized economy to continue being an opportunity for all, we need fair supply chains that generate employment and prosperity in all regions of China and also in all regions of Spain.\" A message of collaboration, equity, and a shared future that perfectly defines the spirit of this new phase in Sino-Spanish relations.<\/p>\n\n\n\n<p class=\"wp-block-paragraph\"><\/p>","protected":false},"excerpt":{"rendered":"<p>El presidente del Gobierno, Pedro S\u00e1nchez, ha mantenido un hist\u00f3rico encuentro con el presidente de la Rep\u00fablica Popular China, Xi Jinping, en el emblem\u00e1tico Gran Palacio del Pueblo de Pek\u00edn. Un momento cargado de simbolismo y esperanza, en el que Espa\u00f1a reafirm\u00f3 su firme compromiso de seguir fortaleciendo los lazos bilaterales con China, coronando el [&#8230;]\n","protected":false},"author":2,"featured_media":608,"comment_status":"closed","ping_status":"open","sticky":false,"template":"","format":"standard","meta":{"footnotes":""},"categories":[96],"tags":[],"class_list":["post-654","post","type-post","status-publish","format-standard","has-post-thumbnail","hentry","category-politica"],"yoast_head":"<!-- This site is optimized with the Yoast SEO plugin v28.3 - https:\/\/yoast.com\/product\/yoast-seo-wordpress\/ -->\n<title>La visita del presidente del Gobierno a china refuerza los lazos entre ambos pa\u00edses. - ACIIEC<\/title>\n<meta name=\"robots\" content=\"index, follow, max-snippet:-1, max-image-preview:large, max-video-preview:-1\" \/>\n<link rel=\"canonical\" href=\"https:\/\/aciiec.org\/en\/2026\/04\/14\/the-visit-of-the-prime-minister-to-china-strengthens-the-ties-between-the-two-countries\/\" \/>\n<meta property=\"og:locale\" content=\"en_US\" \/>\n<meta property=\"og:type\" content=\"article\" \/>\n<meta property=\"og:title\" content=\"La visita del presidente del Gobierno a china refuerza los lazos entre ambos pa\u00edses. - ACIIEC\" \/>\n<meta property=\"og:description\" content=\"El presidente del Gobierno, Pedro S\u00e1nchez, ha mantenido un hist\u00f3rico encuentro con el presidente de la Rep\u00fablica Popular China, Xi Jinping, en el emblem\u00e1tico Gran Palacio del Pueblo de Pek\u00edn. Un momento cargado de simbolismo y esperanza, en el que Espa\u00f1a reafirm\u00f3 su firme compromiso de seguir fortaleciendo los lazos bilaterales con China, coronando el [...]\" \/>\n<meta property=\"og:url\" content=\"https:\/\/aciiec.org\/en\/2026\/04\/14\/the-visit-of-the-prime-minister-to-china-strengthens-the-ties-between-the-two-countries\/\" \/>\n<meta property=\"og:site_name\" content=\"ACIIEC\" \/>\n<meta property=\"article:published_time\" content=\"2026-04-14T21:21:55+00:00\" \/>\n<meta property=\"article:modified_time\" content=\"2026-08-11T22:48:45+00:00\" \/>\n<meta property=\"og:image\" content=\"https:\/\/aciiec.org\/wp-content\/uploads\/2026\/05\/sanchez.png\" \/>\n\t<meta property=\"og:image:width\" content=\"600\" \/>\n\t<meta property=\"og:image:height\" content=\"400\" \/>\n\t<meta property=\"og:image:type\" content=\"image\/png\" \/>\n<meta name=\"author\" content=\"Ina Wang\" \/>\n<meta name=\"twitter:card\" content=\"summary_large_image\" \/>\n<meta name=\"twitter:label1\" content=\"Written by\" \/>\n\t<meta name=\"twitter:data1\" content=\"Ina Wang\" \/>\n\t<meta name=\"twitter:label2\" content=\"Est. reading time\" \/>\n\t<meta name=\"twitter:data2\" content=\"2 minutes\" \/>\n<script type=\"application\/ld+json\" class=\"yoast-schema-graph\">{\"@context\":\"https:\\\/\\\/schema.org\",\"@graph\":[{\"@type\":\"Article\",\"@id\":\"https:\\\/\\\/aciiec.org\\\/2026\\\/04\\\/14\\\/la-visita-del-presidente-del-gobierno-a-china-refuerza-los-lazos-entre-ambos-paises\\\/#article\",\"isPartOf\":{\"@id\":\"https:\\\/\\\/aciiec.org\\\/2026\\\/04\\\/14\\\/la-visita-del-presidente-del-gobierno-a-china-refuerza-los-lazos-entre-ambos-paises\\\/\"},\"author\":{\"name\":\"Ina Wang\",\"@id\":\"https:\\\/\\\/aciiec.org\\\/#\\\/schema\\\/person\\\/96134fc23b0fc219f6947401bd746e7c\"},\"headline\":\"La visita del presidente del Gobierno a china refuerza los lazos entre ambos pa\u00edses.\",\"datePublished\":\"2026-04-14T21:21:55+00:00\",\"dateModified\":\"2026-08-11T22:48:45+00:00\",\"mainEntityOfPage\":{\"@id\":\"https:\\\/\\\/aciiec.org\\\/2026\\\/04\\\/14\\\/la-visita-del-presidente-del-gobierno-a-china-refuerza-los-lazos-entre-ambos-paises\\\/\"},\"wordCount\":409,\"publisher\":{\"@id\":\"https:\\\/\\\/aciiec.org\\\/#organization\"},\"image\":{\"@id\":\"https:\\\/\\\/aciiec.org\\\/2026\\\/04\\\/14\\\/la-visita-del-presidente-del-gobierno-a-china-refuerza-los-lazos-entre-ambos-paises\\\/#primaryimage\"},\"thumbnailUrl\":\"https:\\\/\\\/aciiec.org\\\/wp-content\\\/uploads\\\/2026\\\/05\\\/sanchez.png\",\"articleSection\":[\"Pol\u00edtica\"],\"inLanguage\":\"en-US\"},{\"@type\":\"WebPage\",\"@id\":\"https:\\\/\\\/aciiec.org\\\/2026\\\/04\\\/14\\\/la-visita-del-presidente-del-gobierno-a-china-refuerza-los-lazos-entre-ambos-paises\\\/\",\"url\":\"https:\\\/\\\/aciiec.org\\\/2026\\\/04\\\/14\\\/la-visita-del-presidente-del-gobierno-a-china-refuerza-los-lazos-entre-ambos-paises\\\/\",\"name\":\"La visita del presidente del Gobierno a china refuerza los lazos entre ambos pa\u00edses. - ACIIEC\",\"isPartOf\":{\"@id\":\"https:\\\/\\\/aciiec.org\\\/#website\"},\"primaryImageOfPage\":{\"@id\":\"https:\\\/\\\/aciiec.org\\\/2026\\\/04\\\/14\\\/la-visita-del-presidente-del-gobierno-a-china-refuerza-los-lazos-entre-ambos-paises\\\/#primaryimage\"},\"image\":{\"@id\":\"https:\\\/\\\/aciiec.org\\\/2026\\\/04\\\/14\\\/la-visita-del-presidente-del-gobierno-a-china-refuerza-los-lazos-entre-ambos-paises\\\/#primaryimage\"},\"thumbnailUrl\":\"https:\\\/\\\/aciiec.org\\\/wp-content\\\/uploads\\\/2026\\\/05\\\/sanchez.png\",\"datePublished\":\"2026-04-14T21:21:55+00:00\",\"dateModified\":\"2026-08-11T22:48:45+00:00\",\"breadcrumb\":{\"@id\":\"https:\\\/\\\/aciiec.org\\\/2026\\\/04\\\/14\\\/la-visita-del-presidente-del-gobierno-a-china-refuerza-los-lazos-entre-ambos-paises\\\/#breadcrumb\"},\"inLanguage\":\"en-US\",\"potentialAction\":[{\"@type\":\"ReadAction\",\"target\":[\"https:\\\/\\\/aciiec.org\\\/2026\\\/04\\\/14\\\/la-visita-del-presidente-del-gobierno-a-china-refuerza-los-lazos-entre-ambos-paises\\\/\"]}]},{\"@type\":\"ImageObject\",\"inLanguage\":\"en-US\",\"@id\":\"https:\\\/\\\/aciiec.org\\\/2026\\\/04\\\/14\\\/la-visita-del-presidente-del-gobierno-a-china-refuerza-los-lazos-entre-ambos-paises\\\/#primaryimage\",\"url\":\"https:\\\/\\\/aciiec.org\\\/wp-content\\\/uploads\\\/2026\\\/05\\\/sanchez.png\",\"contentUrl\":\"https:\\\/\\\/aciiec.org\\\/wp-content\\\/uploads\\\/2026\\\/05\\\/sanchez.png\",\"width\":600,\"height\":400},{\"@type\":\"BreadcrumbList\",\"@id\":\"https:\\\/\\\/aciiec.org\\\/2026\\\/04\\\/14\\\/la-visita-del-presidente-del-gobierno-a-china-refuerza-los-lazos-entre-ambos-paises\\\/#breadcrumb\",\"itemListElement\":[{\"@type\":\"ListItem\",\"position\":1,\"name\":\"Portada\",\"item\":\"https:\\\/\\\/aciiec.org\\\/\"},{\"@type\":\"ListItem\",\"position\":2,\"name\":\"La visita del presidente del Gobierno a china refuerza los lazos entre ambos pa\u00edses.\"}]},{\"@type\":\"WebSite\",\"@id\":\"https:\\\/\\\/aciiec.org\\\/#website\",\"url\":\"https:\\\/\\\/aciiec.org\\\/\",\"name\":\"ACIIEC\",\"description\":\"Asociaci\u00f3n para la Cooperaci\u00f3n Industrial y de Ingenier\u00eda Espa\u00f1a-China\",\"publisher\":{\"@id\":\"https:\\\/\\\/aciiec.org\\\/#organization\"},\"potentialAction\":[{\"@type\":\"SearchAction\",\"target\":{\"@type\":\"EntryPoint\",\"urlTemplate\":\"https:\\\/\\\/aciiec.org\\\/?s={search_term_string}\"},\"query-input\":{\"@type\":\"PropertyValueSpecification\",\"valueRequired\":true,\"valueName\":\"search_term_string\"}}],\"inLanguage\":\"en-US\"},{\"@type\":\"Organization\",\"@id\":\"https:\\\/\\\/aciiec.org\\\/#organization\",\"name\":\"ACIIEC\",\"url\":\"https:\\\/\\\/aciiec.org\\\/\",\"logo\":{\"@type\":\"ImageObject\",\"inLanguage\":\"en-US\",\"@id\":\"https:\\\/\\\/aciiec.org\\\/#\\\/schema\\\/logo\\\/image\\\/\",\"url\":\"https:\\\/\\\/aciiec.org\\\/wp-content\\\/uploads\\\/2026\\\/05\\\/aciiec.png\",\"contentUrl\":\"https:\\\/\\\/aciiec.org\\\/wp-content\\\/uploads\\\/2026\\\/05\\\/aciiec.png\",\"width\":832,\"height\":300,\"caption\":\"ACIIEC\"},\"image\":{\"@id\":\"https:\\\/\\\/aciiec.org\\\/#\\\/schema\\\/logo\\\/image\\\/\"},\"sameAs\":[\"https:\\\/\\\/www.linkedin.com\\\/company\\\/aciiec-asociacin-para-la-cooperacin-industrial-y-de-ingeniera-espaa-china\"]},{\"@type\":\"Person\",\"@id\":\"https:\\\/\\\/aciiec.org\\\/#\\\/schema\\\/person\\\/96134fc23b0fc219f6947401bd746e7c\",\"name\":\"Ina Wang\",\"image\":{\"@type\":\"ImageObject\",\"inLanguage\":\"en-US\",\"@id\":\"https:\\\/\\\/secure.gravatar.com\\\/avatar\\\/608ebb36afb0d638dff9f1a412da339dec9a4878e2c966f75c4573297d1708aa?s=96&d=mm&r=g\",\"url\":\"https:\\\/\\\/secure.gravatar.com\\\/avatar\\\/608ebb36afb0d638dff9f1a412da339dec9a4878e2c966f75c4573297d1708aa?s=96&d=mm&r=g\",\"contentUrl\":\"https:\\\/\\\/secure.gravatar.com\\\/avatar\\\/608ebb36afb0d638dff9f1a412da339dec9a4878e2c966f75c4573297d1708aa?s=96&d=mm&r=g\",\"caption\":\"Ina Wang\"},\"url\":\"https:\\\/\\\/aciiec.org\\\/en\\\/author\\\/ina_wang\\\/\"}]}<\/script>\n<!-- \/ Yoast SEO plugin. -->","yoast_head_json":{"title":"The Prime Minister's visit to China strengthens ties between both countries. - ACIIEC","robots":{"index":"index","follow":"follow","max-snippet":"max-snippet:-1","max-image-preview":"max-image-preview:large","max-video-preview":"max-video-preview:-1"},"canonical":"https:\/\/aciiec.org\/en\/2026\/04\/14\/the-visit-of-the-prime-minister-to-china-strengthens-the-ties-between-the-two-countries\/","og_locale":"en_US","og_type":"article","og_title":"La visita del presidente del Gobierno a china refuerza los lazos entre ambos pa\u00edses. - ACIIEC","og_description":"El presidente del Gobierno, Pedro S\u00e1nchez, ha mantenido un hist\u00f3rico encuentro con el presidente de la Rep\u00fablica Popular China, Xi Jinping, en el emblem\u00e1tico Gran Palacio del Pueblo de Pek\u00edn. Un momento cargado de simbolismo y esperanza, en el que Espa\u00f1a reafirm\u00f3 su firme compromiso de seguir fortaleciendo los lazos bilaterales con China, coronando el [...]","og_url":"https:\/\/aciiec.org\/en\/2026\/04\/14\/the-visit-of-the-prime-minister-to-china-strengthens-the-ties-between-the-two-countries\/","og_site_name":"ACIIEC","article_published_time":"2026-04-14T21:21:55+00:00","article_modified_time":"2026-08-11T22:48:45+00:00","og_image":[{"width":600,"height":400,"url":"https:\/\/aciiec.org\/wp-content\/uploads\/2026\/05\/sanchez.png","type":"image\/png"}],"author":"Ina Wang","twitter_card":"summary_large_image","twitter_misc":{"Written by":"Ina Wang","Est. reading time":"2 minutes"},"schema":{"@context":"https:\/\/schema.org","@graph":[{"@type":"Article","@id":"https:\/\/aciiec.org\/2026\/04\/14\/la-visita-del-presidente-del-gobierno-a-china-refuerza-los-lazos-entre-ambos-paises\/#article","isPartOf":{"@id":"https:\/\/aciiec.org\/2026\/04\/14\/la-visita-del-presidente-del-gobierno-a-china-refuerza-los-lazos-entre-ambos-paises\/"},"author":{"name":"Ina Wang","@id":"https:\/\/aciiec.org\/#\/schema\/person\/96134fc23b0fc219f6947401bd746e7c"},"headline":"La visita del presidente del Gobierno a china refuerza los lazos entre ambos pa\u00edses.","datePublished":"2026-04-14T21:21:55+00:00","dateModified":"2026-08-11T22:48:45+00:00","mainEntityOfPage":{"@id":"https:\/\/aciiec.org\/2026\/04\/14\/la-visita-del-presidente-del-gobierno-a-china-refuerza-los-lazos-entre-ambos-paises\/"},"wordCount":409,"publisher":{"@id":"https:\/\/aciiec.org\/#organization"},"image":{"@id":"https:\/\/aciiec.org\/2026\/04\/14\/la-visita-del-presidente-del-gobierno-a-china-refuerza-los-lazos-entre-ambos-paises\/#primaryimage"},"thumbnailUrl":"https:\/\/aciiec.org\/wp-content\/uploads\/2026\/05\/sanchez.png","articleSection":["Pol\u00edtica"],"inLanguage":"en-US"},{"@type":"WebPage","@id":"https:\/\/aciiec.org\/2026\/04\/14\/la-visita-del-presidente-del-gobierno-a-china-refuerza-los-lazos-entre-ambos-paises\/","url":"https:\/\/aciiec.org\/2026\/04\/14\/la-visita-del-presidente-del-gobierno-a-china-refuerza-los-lazos-entre-ambos-paises\/","name":"The Prime Minister's visit to China strengthens ties between both countries. - ACIIEC","isPartOf":{"@id":"https:\/\/aciiec.org\/#website"},"primaryImageOfPage":{"@id":"https:\/\/aciiec.org\/2026\/04\/14\/la-visita-del-presidente-del-gobierno-a-china-refuerza-los-lazos-entre-ambos-paises\/#primaryimage"},"image":{"@id":"https:\/\/aciiec.org\/2026\/04\/14\/la-visita-del-presidente-del-gobierno-a-china-refuerza-los-lazos-entre-ambos-paises\/#primaryimage"},"thumbnailUrl":"https:\/\/aciiec.org\/wp-content\/uploads\/2026\/05\/sanchez.png","datePublished":"2026-04-14T21:21:55+00:00","dateModified":"2026-08-11T22:48:45+00:00","breadcrumb":{"@id":"https:\/\/aciiec.org\/2026\/04\/14\/la-visita-del-presidente-del-gobierno-a-china-refuerza-los-lazos-entre-ambos-paises\/#breadcrumb"},"inLanguage":"en-US","potentialAction":[{"@type":"ReadAction","target":["https:\/\/aciiec.org\/2026\/04\/14\/la-visita-del-presidente-del-gobierno-a-china-refuerza-los-lazos-entre-ambos-paises\/"]}]},{"@type":"ImageObject","inLanguage":"en-US","@id":"https:\/\/aciiec.org\/2026\/04\/14\/la-visita-del-presidente-del-gobierno-a-china-refuerza-los-lazos-entre-ambos-paises\/#primaryimage","url":"https:\/\/aciiec.org\/wp-content\/uploads\/2026\/05\/sanchez.png","contentUrl":"https:\/\/aciiec.org\/wp-content\/uploads\/2026\/05\/sanchez.png","width":600,"height":400},{"@type":"BreadcrumbList","@id":"https:\/\/aciiec.org\/2026\/04\/14\/la-visita-del-presidente-del-gobierno-a-china-refuerza-los-lazos-entre-ambos-paises\/#breadcrumb","itemListElement":[{"@type":"ListItem","position":1,"name":"Portada","item":"https:\/\/aciiec.org\/"},{"@type":"ListItem","position":2,"name":"La visita del presidente del Gobierno a china refuerza los lazos entre ambos pa\u00edses."}]},{"@type":"WebSite","@id":"https:\/\/aciiec.org\/#website","url":"https:\/\/aciiec.org\/","name":"ACIIEC","description":"Spain-China Association for Industrial and Engineering Cooperation","publisher":{"@id":"https:\/\/aciiec.org\/#organization"},"potentialAction":[{"@type":"SearchAction","target":{"@type":"EntryPoint","urlTemplate":"https:\/\/aciiec.org\/?s={search_term_string}"},"query-input":{"@type":"PropertyValueSpecification","valueRequired":true,"valueName":"search_term_string"}}],"inLanguage":"en-US"},{"@type":"Organization","@id":"https:\/\/aciiec.org\/#organization","name":"ACIIEC","url":"https:\/\/aciiec.org\/","logo":{"@type":"ImageObject","inLanguage":"en-US","@id":"https:\/\/aciiec.org\/#\/schema\/logo\/image\/","url":"https:\/\/aciiec.org\/wp-content\/uploads\/2026\/05\/aciiec.png","contentUrl":"https:\/\/aciiec.org\/wp-content\/uploads\/2026\/05\/aciiec.png","width":832,"height":300,"caption":"ACIIEC"},"image":{"@id":"https:\/\/aciiec.org\/#\/schema\/logo\/image\/"},"sameAs":["https:\/\/www.linkedin.com\/company\/aciiec-asociacin-para-la-cooperacin-industrial-y-de-ingeniera-espaa-china"]},{"@type":"Person","@id":"https:\/\/aciiec.org\/#\/schema\/person\/96134fc23b0fc219f6947401bd746e7c","name":"Ina Wang","image":{"@type":"ImageObject","inLanguage":"en-US","@id":"https:\/\/secure.gravatar.com\/avatar\/608ebb36afb0d638dff9f1a412da339dec9a4878e2c966f75c4573297d1708aa?s=96&d=mm&r=g","url":"https:\/\/secure.gravatar.com\/avatar\/608ebb36afb0d638dff9f1a412da339dec9a4878e2c966f75c4573297d1708aa?s=96&d=mm&r=g","contentUrl":"https:\/\/secure.gravatar.com\/avatar\/608ebb36afb0d638dff9f1a412da339dec9a4878e2c966f75c4573297d1708aa?s=96&d=mm&r=g","caption":"Ina Wang"},"url":"https:\/\/aciiec.org\/en\/author\/ina_wang\/"}]}},"_links":{"self":[{"href":"https:\/\/aciiec.org\/en\/wp-json\/wp\/v2\/posts\/654","targetHints":{"allow":["GET"]}}],"collection":[{"href":"https:\/\/aciiec.org\/en\/wp-json\/wp\/v2\/posts"}],"about":[{"href":"https:\/\/aciiec.org\/en\/wp-json\/wp\/v2\/types\/post"}],"author":[{"embeddable":true,"href":"https:\/\/aciiec.org\/en\/wp-json\/wp\/v2\/users\/2"}],"replies":[{"embeddable":true,"href":"https:\/\/aciiec.org\/en\/wp-json\/wp\/v2\/comments?post=654"}],"version-history":[{"count":1,"href":"https:\/\/aciiec.org\/en\/wp-json\/wp\/v2\/posts\/654\/revisions"}],"predecessor-version":[{"id":655,"href":"https:\/\/aciiec.org\/en\/wp-json\/wp\/v2\/posts\/654\/revisions\/655"}],"wp:featuredmedia":[{"embeddable":true,"href":"https:\/\/aciiec.org\/en\/wp-json\/wp\/v2\/media\/608"}],"wp:attachment":[{"href":"https:\/\/aciiec.org\/en\/wp-json\/wp\/v2\/media?parent=654"}],"wp:term":[{"taxonomy":"category","embeddable":true,"href":"https:\/\/aciiec.org\/en\/wp-json\/wp\/v2\/categories?post=654"},{"taxonomy":"post_tag","embeddable":true,"href":"https:\/\/aciiec.org\/en\/wp-json\/wp\/v2\/tags?post=654"}],"curies":[{"name":"wp","href":"https:\/\/api.w.org\/{rel}","templated":true}]}}